{"id":23319,"date":"2024-01-06T07:46:46","date_gmt":"2024-01-06T07:46:46","guid":{"rendered":"https:\/\/www.cri.pt\/?p=23319"},"modified":"2024-01-07T20:47:03","modified_gmt":"2024-01-07T20:47:03","slug":"sub-9-a-estreia-oficial-da-geracao-2015","status":"publish","type":"post","link":"https:\/\/www.cri.pt\/?p=23319","title":{"rendered":"Sub-9: A estreia oficial da gera\u00e7\u00e3o 2015"},"content":{"rendered":"<p><img loading=\"lazy\" decoding=\"async\" class=\"aligncenter size-full wp-image-23321\" src=\"https:\/\/www.cri.pt\/wp-content\/uploads\/2024\/01\/2024_01_06_primeirojogodestageracao.jpg\" alt=\"\" width=\"1024\" height=\"768\" srcset=\"https:\/\/www.cri.pt\/wp-content\/uploads\/2024\/01\/2024_01_06_primeirojogodestageracao.jpg 1024w, https:\/\/www.cri.pt\/wp-content\/uploads\/2024\/01\/2024_01_06_primeirojogodestageracao-300x225.jpg 300w, https:\/\/www.cri.pt\/wp-content\/uploads\/2024\/01\/2024_01_06_primeirojogodestageracao-768x576.jpg 768w, https:\/\/www.cri.pt\/wp-content\/uploads\/2024\/01\/2024_01_06_primeirojogodestageracao-74x55.jpg 74w, https:\/\/www.cri.pt\/wp-content\/uploads\/2024\/01\/2024_01_06_primeirojogodestageracao-111x83.jpg 111w, https:\/\/www.cri.pt\/wp-content\/uploads\/2024\/01\/2024_01_06_primeirojogodestageracao-215x161.jpg 215w, https:\/\/www.cri.pt\/wp-content\/uploads\/2024\/01\/2024_01_06_primeirojogodestageracao-990x743.jpg 990w\" sizes=\"auto, (max-width: 1024px) 100vw, 1024px\" \/><\/p>\n<p><img loading=\"lazy\" decoding=\"async\" class=\"aligncenter wp-image-23335\" src=\"https:\/\/www.cri.pt\/wp-content\/uploads\/2024\/01\/sub9.jpg\" alt=\"\" width=\"1024\" height=\"768\" srcset=\"https:\/\/www.cri.pt\/wp-content\/uploads\/2024\/01\/sub9.jpg 1280w, https:\/\/www.cri.pt\/wp-content\/uploads\/2024\/01\/sub9-300x225.jpg 300w, https:\/\/www.cri.pt\/wp-content\/uploads\/2024\/01\/sub9-1024x768.jpg 1024w, https:\/\/www.cri.pt\/wp-content\/uploads\/2024\/01\/sub9-768x576.jpg 768w, https:\/\/www.cri.pt\/wp-content\/uploads\/2024\/01\/sub9-74x55.jpg 74w, https:\/\/www.cri.pt\/wp-content\/uploads\/2024\/01\/sub9-111x83.jpg 111w, https:\/\/www.cri.pt\/wp-content\/uploads\/2024\/01\/sub9-215x161.jpg 215w, https:\/\/www.cri.pt\/wp-content\/uploads\/2024\/01\/sub9-990x743.jpg 990w\" sizes=\"auto, (max-width: 1024px) 100vw, 1024px\" \/><\/p>\n<p>Mais informa\u00e7\u00e3o sobre a equipa <strong><a href=\"https:\/\/www.cri.pt\/?page_id=23311\">AQUI<\/a><br \/>\n<\/strong>Fotos: Lu\u00eds Sousa<\/p>\n","protected":false},"excerpt":{"rendered":"<p>Mais informa\u00e7\u00e3o sobre a equipa AQUI Fotos: Lu\u00eds Sousa<\/p>\n","protected":false},"author":1,"featured_media":23321,"comment_status":"closed","ping_status":"closed","sticky":false,"template":"","format":"standard","meta":{"footnotes":""},"categories":[525,33],"tags":[559,554],"class_list":["post-23319","post","type-post","status-publish","format-standard","has-post-thumbnail","hentry","category-sub-9","category-traquinas","tag-benjamins-b2-2023-24","tag-traquinas-2023-24"],"views":286,"_links":{"self":[{"href":"https:\/\/www.cri.pt\/index.php?rest_route=\/wp\/v2\/posts\/23319","targetHints":{"allow":["GET"]}}],"collection":[{"href":"https:\/\/www.cri.pt\/index.php?rest_route=\/wp\/v2\/posts"}],"about":[{"href":"https:\/\/www.cri.pt\/index.php?rest_route=\/wp\/v2\/types\/post"}],"author":[{"embeddable":true,"href":"https:\/\/www.cri.pt\/index.php?rest_route=\/wp\/v2\/users\/1"}],"replies":[{"embeddable":true,"href":"https:\/\/www.cri.pt\/index.php?rest_route=%2Fwp%2Fv2%2Fcomments&post=23319"}],"version-history":[{"count":4,"href":"https:\/\/www.cri.pt\/index.php?rest_route=\/wp\/v2\/posts\/23319\/revisions"}],"predecessor-version":[{"id":23336,"href":"https:\/\/www.cri.pt\/index.php?rest_route=\/wp\/v2\/posts\/23319\/revisions\/23336"}],"wp:featuredmedia":[{"embeddable":true,"href":"https:\/\/www.cri.pt\/index.php?rest_route=\/wp\/v2\/media\/23321"}],"wp:attachment":[{"href":"https:\/\/www.cri.pt\/index.php?rest_route=%2Fwp%2Fv2%2Fmedia&parent=23319"}],"wp:term":[{"taxonomy":"category","embeddable":true,"href":"https:\/\/www.cri.pt\/index.php?rest_route=%2Fwp%2Fv2%2Fcategories&post=23319"},{"taxonomy":"post_tag","embeddable":true,"href":"https:\/\/www.cri.pt\/index.php?rest_route=%2Fwp%2Fv2%2Ftags&post=23319"}],"curies":[{"name":"wp","href":"https:\/\/api.w.org\/{rel}","templated":true}]}}