{"id":24149,"date":"2024-04-26T08:06:38","date_gmt":"2024-04-26T08:06:38","guid":{"rendered":"https:\/\/www.cri.pt\/?p=24149"},"modified":"2024-04-29T08:10:06","modified_gmt":"2024-04-29T08:10:06","slug":"simao-fernandes-convocado","status":"publish","type":"post","link":"https:\/\/www.cri.pt\/?p=24149","title":{"rendered":"Sim\u00e3o Fernandes convocado"},"content":{"rendered":"<p>Sim\u00e3o Fernandes foi convocado para a Sele\u00e7\u00e3o Distrital de Futebol de Sub-14 com vista \u00e0 prepara\u00e7\u00e3o para o Torneio de Interassocia\u00e7\u00f5es Lopes da Silva 2024, em Aveiro, a realizar entre 23 e 30 de Junho de 2024.\u00a0<span class=\"x3nfvp2 x1j61x8r x1fcty0u xdj266r xhhsvwb xat24cr xgzva0m xxymvpz xlup9mm x1kky2od\"><img loading=\"lazy\" decoding=\"async\" class=\"xz74otr\" src=\"https:\/\/static.xx.fbcdn.net\/images\/emoji.php\/v9\/tfe\/1\/16\/1f44f.png\" alt=\"????\" width=\"16\" height=\"16\" \/><\/span><\/p>\n<p><img loading=\"lazy\" decoding=\"async\" class=\"aligncenter size-full wp-image-24151\" src=\"https:\/\/www.cri.pt\/wp-content\/uploads\/2024\/04\/simao.jpg\" alt=\"\" width=\"1080\" height=\"1080\" srcset=\"https:\/\/www.cri.pt\/wp-content\/uploads\/2024\/04\/simao.jpg 1080w, https:\/\/www.cri.pt\/wp-content\/uploads\/2024\/04\/simao-300x300.jpg 300w, https:\/\/www.cri.pt\/wp-content\/uploads\/2024\/04\/simao-1024x1024.jpg 1024w, https:\/\/www.cri.pt\/wp-content\/uploads\/2024\/04\/simao-150x150.jpg 150w, https:\/\/www.cri.pt\/wp-content\/uploads\/2024\/04\/simao-768x768.jpg 768w, https:\/\/www.cri.pt\/wp-content\/uploads\/2024\/04\/simao-65x65.jpg 65w, https:\/\/www.cri.pt\/wp-content\/uploads\/2024\/04\/simao-130x130.jpg 130w, https:\/\/www.cri.pt\/wp-content\/uploads\/2024\/04\/simao-187x187.jpg 187w, https:\/\/www.cri.pt\/wp-content\/uploads\/2024\/04\/simao-990x990.jpg 990w\" sizes=\"auto, (max-width: 1080px) 100vw, 1080px\" \/><\/p>\n","protected":false},"excerpt":{"rendered":"<p>Sim\u00e3o Fernandes foi convocado para a Sele\u00e7\u00e3o Distrital de Futebol de Sub-14 com vista \u00e0 prepara\u00e7\u00e3o para o Torneio de Interassocia\u00e7\u00f5es Lopes da Silva 2024, em Aveiro, a realizar entre 23 e 30 de Junho de 2024.\u00a0<\/p>\n","protected":false},"author":1,"featured_media":24151,"comment_status":"closed","ping_status":"closed","sticky":false,"template":"","format":"standard","meta":{"footnotes":"","jetpack_publicize_message":"","jetpack_publicize_feature_enabled":true,"jetpack_social_post_already_shared":false,"jetpack_social_options":{"image_generator_settings":{"template":"highway","default_image_id":0,"font":"","enabled":false},"version":2}},"categories":[24],"tags":[549],"class_list":["post-24149","post","type-post","status-publish","format-standard","has-post-thumbnail","hentry","category-iniciados","tag-iniciados-2023-24"],"views":182,"jetpack_publicize_connections":[],"_links":{"self":[{"href":"https:\/\/www.cri.pt\/index.php?rest_route=\/wp\/v2\/posts\/24149","targetHints":{"allow":["GET"]}}],"collection":[{"href":"https:\/\/www.cri.pt\/index.php?rest_route=\/wp\/v2\/posts"}],"about":[{"href":"https:\/\/www.cri.pt\/index.php?rest_route=\/wp\/v2\/types\/post"}],"author":[{"embeddable":true,"href":"https:\/\/www.cri.pt\/index.php?rest_route=\/wp\/v2\/users\/1"}],"replies":[{"embeddable":true,"href":"https:\/\/www.cri.pt\/index.php?rest_route=%2Fwp%2Fv2%2Fcomments&post=24149"}],"version-history":[{"count":1,"href":"https:\/\/www.cri.pt\/index.php?rest_route=\/wp\/v2\/posts\/24149\/revisions"}],"predecessor-version":[{"id":24152,"href":"https:\/\/www.cri.pt\/index.php?rest_route=\/wp\/v2\/posts\/24149\/revisions\/24152"}],"wp:featuredmedia":[{"embeddable":true,"href":"https:\/\/www.cri.pt\/index.php?rest_route=\/wp\/v2\/media\/24151"}],"wp:attachment":[{"href":"https:\/\/www.cri.pt\/index.php?rest_route=%2Fwp%2Fv2%2Fmedia&parent=24149"}],"wp:term":[{"taxonomy":"category","embeddable":true,"href":"https:\/\/www.cri.pt\/index.php?rest_route=%2Fwp%2Fv2%2Fcategories&post=24149"},{"taxonomy":"post_tag","embeddable":true,"href":"https:\/\/www.cri.pt\/index.php?rest_route=%2Fwp%2Fv2%2Ftags&post=24149"}],"curies":[{"name":"wp","href":"https:\/\/api.w.org\/{rel}","templated":true}]}}