{"id":25058,"date":"2024-10-28T23:24:24","date_gmt":"2024-10-28T23:24:24","guid":{"rendered":"https:\/\/www.cri.pt\/?p=25058"},"modified":"2025-06-24T18:44:58","modified_gmt":"2025-06-24T18:44:58","slug":"carlos-jesus-e-o-novo-treinador-dos-infantis-b-sub-12","status":"publish","type":"post","link":"https:\/\/www.cri.pt\/?p=25058","title":{"rendered":"Carlos Jesus \u00e9 o novo treinador dos Infantis-B (Sub-12)"},"content":{"rendered":"<p>E\u0301 com satisfac\u0327a\u0303o que anunciamos o treinador da equipa de Infantis B (Sub-12), Carlos Jesus.<br \/>\nO mister Carlos Jesus, apesar de ainda jovem j\u00e1 tem alguma experi\u00eancia no futebol de forma\u00e7\u00e3o. Enquanto frequentava o seu curso de treinador colocava em pr\u00e1tica os seus conhecimentos no CRI, passou depois pelo FC Barreirense como estagi\u00e1rio e mais tarde pela EB D. Jo\u00e3o I, posteriormente trabalhou com os jovens do Oriental Dragon.<br \/>\nTrata-se portanto de um regresso e Gon\u00e7alo Jesus vai ser o seu adjunto neste projeto.<\/p>\n<p>Bem-vindo \u00e0 Fam\u00edlia CRI, Carlos Jesus!<br \/>\nOs votos de muito sucesso!<\/p>\n<div id='gallery-1' class='gallery galleryid-25058 gallery-columns-2 gallery-size-herald-lay-a'><figure class='gallery-item'>\n\t\t\t<div class='gallery-icon landscape'>\n\t\t\t\t<a class=\"herald-popup\" href='https:\/\/www.cri.pt\/wp-content\/uploads\/2024\/11\/carlosjesus1.jpg'><img loading=\"lazy\" decoding=\"async\" width=\"990\" height=\"556\" src=\"https:\/\/www.cri.pt\/wp-content\/uploads\/2024\/11\/carlosjesus1-990x556.jpg\" class=\"attachment-herald-lay-a size-herald-lay-a\" alt=\"\" srcset=\"https:\/\/www.cri.pt\/wp-content\/uploads\/2024\/11\/carlosjesus1-990x556.jpg 990w, https:\/\/www.cri.pt\/wp-content\/uploads\/2024\/11\/carlosjesus1-470x264.jpg 470w, https:\/\/www.cri.pt\/wp-content\/uploads\/2024\/11\/carlosjesus1-640x360.jpg 640w, https:\/\/www.cri.pt\/wp-content\/uploads\/2024\/11\/carlosjesus1-215x120.jpg 215w, https:\/\/www.cri.pt\/wp-content\/uploads\/2024\/11\/carlosjesus1-300x168.jpg 300w, https:\/\/www.cri.pt\/wp-content\/uploads\/2024\/11\/carlosjesus1-414x232.jpg 414w\" sizes=\"auto, (max-width: 990px) 100vw, 990px\" \/><\/a>\n\t\t\t<\/div><\/figure><figure class='gallery-item'>\n\t\t\t<div class='gallery-icon landscape'>\n\t\t\t\t<a class=\"herald-popup\" href='https:\/\/www.cri.pt\/wp-content\/uploads\/2024\/11\/carlosjesus2.jpg'><img loading=\"lazy\" decoding=\"async\" width=\"990\" height=\"556\" src=\"https:\/\/www.cri.pt\/wp-content\/uploads\/2024\/11\/carlosjesus2-990x556.jpg\" class=\"attachment-herald-lay-a size-herald-lay-a\" alt=\"\" srcset=\"https:\/\/www.cri.pt\/wp-content\/uploads\/2024\/11\/carlosjesus2-990x556.jpg 990w, https:\/\/www.cri.pt\/wp-content\/uploads\/2024\/11\/carlosjesus2-470x264.jpg 470w, https:\/\/www.cri.pt\/wp-content\/uploads\/2024\/11\/carlosjesus2-640x360.jpg 640w, https:\/\/www.cri.pt\/wp-content\/uploads\/2024\/11\/carlosjesus2-215x120.jpg 215w, https:\/\/www.cri.pt\/wp-content\/uploads\/2024\/11\/carlosjesus2-300x168.jpg 300w, https:\/\/www.cri.pt\/wp-content\/uploads\/2024\/11\/carlosjesus2-414x232.jpg 414w\" sizes=\"auto, (max-width: 990px) 100vw, 990px\" \/><\/a>\n\t\t\t<\/div><\/figure>\n\t\t<\/div>\n\n","protected":false},"excerpt":{"rendered":"<p>E\u0301 com satisfac\u0327a\u0303o que anunciamos o treinador da equipa de Infantis B (Sub-12), Carlos Jesus. O mister Carlos Jesus, apesar de ainda jovem j\u00e1 tem alguma experi\u00eancia no futebol de forma\u00e7\u00e3o. Enquanto frequentava o seu curso de treinador colocava em pr\u00e1tica os seus conhecimentos no CRI, passou depois pelo FC Barreirense como estagi\u00e1rio e mais [&hellip;]<\/p>\n","protected":false},"author":1,"featured_media":25060,"comment_status":"closed","ping_status":"closed","sticky":false,"template":"","format":"standard","meta":{"footnotes":"","jetpack_publicize_message":"","jetpack_publicize_feature_enabled":true,"jetpack_social_post_already_shared":false,"jetpack_social_options":{"image_generator_settings":{"template":"highway","default_image_id":0,"font":"","enabled":false},"version":2}},"categories":[444,22],"tags":[508],"class_list":["post-25058","post","type-post","status-publish","format-standard","has-post-thumbnail","hentry","category-futebol-2","category-informacao","tag-treinadores"],"views":259,"jetpack_publicize_connections":[],"_links":{"self":[{"href":"https:\/\/www.cri.pt\/index.php?rest_route=\/wp\/v2\/posts\/25058","targetHints":{"allow":["GET"]}}],"collection":[{"href":"https:\/\/www.cri.pt\/index.php?rest_route=\/wp\/v2\/posts"}],"about":[{"href":"https:\/\/www.cri.pt\/index.php?rest_route=\/wp\/v2\/types\/post"}],"author":[{"embeddable":true,"href":"https:\/\/www.cri.pt\/index.php?rest_route=\/wp\/v2\/users\/1"}],"replies":[{"embeddable":true,"href":"https:\/\/www.cri.pt\/index.php?rest_route=%2Fwp%2Fv2%2Fcomments&post=25058"}],"version-history":[{"count":2,"href":"https:\/\/www.cri.pt\/index.php?rest_route=\/wp\/v2\/posts\/25058\/revisions"}],"predecessor-version":[{"id":25063,"href":"https:\/\/www.cri.pt\/index.php?rest_route=\/wp\/v2\/posts\/25058\/revisions\/25063"}],"wp:featuredmedia":[{"embeddable":true,"href":"https:\/\/www.cri.pt\/index.php?rest_route=\/wp\/v2\/media\/25060"}],"wp:attachment":[{"href":"https:\/\/www.cri.pt\/index.php?rest_route=%2Fwp%2Fv2%2Fmedia&parent=25058"}],"wp:term":[{"taxonomy":"category","embeddable":true,"href":"https:\/\/www.cri.pt\/index.php?rest_route=%2Fwp%2Fv2%2Fcategories&post=25058"},{"taxonomy":"post_tag","embeddable":true,"href":"https:\/\/www.cri.pt\/index.php?rest_route=%2Fwp%2Fv2%2Ftags&post=25058"}],"curies":[{"name":"wp","href":"https:\/\/api.w.org\/{rel}","templated":true}]}}