{"id":25181,"date":"2024-11-26T00:05:03","date_gmt":"2024-11-26T00:05:03","guid":{"rendered":"https:\/\/www.cri.pt\/?p=25181"},"modified":"2024-11-25T23:26:13","modified_gmt":"2024-11-25T23:26:13","slug":"carreira-dual-a-conciliacao-entre-futebol-e-estudos-dos-nossos-jogadores","status":"publish","type":"post","link":"https:\/\/www.cri.pt\/?p=25181","title":{"rendered":"Carreira Dual: A concilia\u00e7\u00e3o entre futebol e estudos dos nossos jogadores"},"content":{"rendered":"<div id='gallery-1' class='gallery galleryid-25181 gallery-columns-2 gallery-size-herald-lay-a'><figure class='gallery-item'>\n\t\t\t<div class='gallery-icon landscape'>\n\t\t\t\t<a class=\"herald-popup\" href='https:\/\/www.cri.pt\/wp-content\/uploads\/2024\/11\/a-1.jpg'><img loading=\"lazy\" decoding=\"async\" width=\"990\" height=\"556\" src=\"https:\/\/www.cri.pt\/wp-content\/uploads\/2024\/11\/a-1-990x556.jpg\" class=\"attachment-herald-lay-a size-herald-lay-a\" alt=\"\" srcset=\"https:\/\/www.cri.pt\/wp-content\/uploads\/2024\/11\/a-1-990x556.jpg 990w, https:\/\/www.cri.pt\/wp-content\/uploads\/2024\/11\/a-1-470x264.jpg 470w, https:\/\/www.cri.pt\/wp-content\/uploads\/2024\/11\/a-1-640x360.jpg 640w, https:\/\/www.cri.pt\/wp-content\/uploads\/2024\/11\/a-1-215x120.jpg 215w, https:\/\/www.cri.pt\/wp-content\/uploads\/2024\/11\/a-1-300x168.jpg 300w, https:\/\/www.cri.pt\/wp-content\/uploads\/2024\/11\/a-1-414x232.jpg 414w\" sizes=\"auto, (max-width: 990px) 100vw, 990px\" \/><\/a>\n\t\t\t<\/div><\/figure><figure class='gallery-item'>\n\t\t\t<div class='gallery-icon landscape'>\n\t\t\t\t<a class=\"herald-popup\" href='https:\/\/www.cri.pt\/wp-content\/uploads\/2024\/11\/b-1.jpg'><img loading=\"lazy\" decoding=\"async\" width=\"990\" height=\"556\" src=\"https:\/\/www.cri.pt\/wp-content\/uploads\/2024\/11\/b-1-990x556.jpg\" class=\"attachment-herald-lay-a size-herald-lay-a\" alt=\"\" srcset=\"https:\/\/www.cri.pt\/wp-content\/uploads\/2024\/11\/b-1-990x556.jpg 990w, https:\/\/www.cri.pt\/wp-content\/uploads\/2024\/11\/b-1-470x264.jpg 470w, https:\/\/www.cri.pt\/wp-content\/uploads\/2024\/11\/b-1-640x360.jpg 640w, https:\/\/www.cri.pt\/wp-content\/uploads\/2024\/11\/b-1-215x120.jpg 215w, https:\/\/www.cri.pt\/wp-content\/uploads\/2024\/11\/b-1-300x168.jpg 300w, https:\/\/www.cri.pt\/wp-content\/uploads\/2024\/11\/b-1-414x232.jpg 414w\" sizes=\"auto, (max-width: 990px) 100vw, 990px\" \/><\/a>\n\t\t\t<\/div><\/figure>\n\t\t<\/div>\n\n<p>\u00c9 com orgulho que celebramos a entrada dos nossos jovens jogadores que ingressaram no ensino superior na presente \u00e9poca desportiva, mostrando a import\u00e2ncia da carreira dual, conciliando o futebol com a excel\u00eancia dos estudos.<br \/>\nEste destaque especial \u00e9 para os nosso JUNIORES:<\/p>\n<p>&#8211; <strong>Gabriel Fernandes<\/strong>, Faculdade de Ci\u00eancias e Tecnologia (NOVA), Engenharia Eletrot\u00e9cnica e de Computadores.<br \/>\nVeste a nossa camisola desde 2014, no escal\u00e3o de Benjamins, alcan\u00e7ando agora na equipa de juniores (e at\u00e9 de seniores) a sua 11\u00aa \u00e9poca seguida no clube. O Gabriel al\u00e9m de tudo isto, colabora ainda com o ensino de futebol dos nossos Traquinas e Petizes.<\/p>\n<p>&#8211; <strong>Rafael Diniz<\/strong>, Instituto Polit\u00e9cnico de Set\u00fabal, Licenciatura em Biotecnologia.<br \/>\nJoga no CRI tamb\u00e9m desde os Benjamins, come\u00e7ou em 2015 e pela 10\u00aa \u00e9poca consecutiva veste a nossa camisola, sem conhecer outra.<\/p>\n<p>&#8211; <strong>Alexandre Moreira<\/strong>, Instituto Polit\u00e9cnico de Set\u00fabal &#8211; Desportos de Natureza (CTeSP).<br \/>\nConstruiu uma trajet\u00f3ria por outros clubes da regi\u00e3o, passando pelo FC Barreirense, SL Benfica e GD Fabril, sendo na presente \u00e9poca um dos nossos.<\/p>\n<p>Estes jovens s\u00e3o a prova viva de que com dedica\u00e7\u00e3o, foco e esfor\u00e7o, \u00e9 poss\u00edvel alcan\u00e7ar feitos no desporto e na educa\u00e7\u00e3o.<\/p>\n<p>Parab\u00e9ns por esta importante conquista! Que continuem a inspirar dentro e fora do campo!<\/p>\n","protected":false},"excerpt":{"rendered":"<p>\u00c9 com orgulho que celebramos a entrada dos nossos jovens jogadores que ingressaram no ensino superior na presente \u00e9poca desportiva, mostrando a import\u00e2ncia da carreira dual, conciliando o futebol com a excel\u00eancia dos estudos. Este destaque especial \u00e9 para os nosso JUNIORES: &#8211; Gabriel Fernandes, Faculdade de Ci\u00eancias e Tecnologia (NOVA), Engenharia Eletrot\u00e9cnica e de [&hellip;]<\/p>\n","protected":false},"author":1,"featured_media":25240,"comment_status":"closed","ping_status":"closed","sticky":false,"template":"","format":"standard","meta":{"footnotes":"","jetpack_publicize_message":"","jetpack_publicize_feature_enabled":true,"jetpack_social_post_already_shared":false,"jetpack_social_options":{"image_generator_settings":{"template":"highway","default_image_id":0,"font":"","enabled":false},"version":2}},"categories":[519,444,25],"tags":[584,242],"class_list":["post-25181","post","type-post","status-publish","format-standard","has-post-thumbnail","hentry","category-entidade-formadora","category-futebol-2","category-juniores","tag-carreira-dual","tag-premios"],"views":430,"jetpack_publicize_connections":[],"_links":{"self":[{"href":"https:\/\/www.cri.pt\/index.php?rest_route=\/wp\/v2\/posts\/25181","targetHints":{"allow":["GET"]}}],"collection":[{"href":"https:\/\/www.cri.pt\/index.php?rest_route=\/wp\/v2\/posts"}],"about":[{"href":"https:\/\/www.cri.pt\/index.php?rest_route=\/wp\/v2\/types\/post"}],"author":[{"embeddable":true,"href":"https:\/\/www.cri.pt\/index.php?rest_route=\/wp\/v2\/users\/1"}],"replies":[{"embeddable":true,"href":"https:\/\/www.cri.pt\/index.php?rest_route=%2Fwp%2Fv2%2Fcomments&post=25181"}],"version-history":[{"count":4,"href":"https:\/\/www.cri.pt\/index.php?rest_route=\/wp\/v2\/posts\/25181\/revisions"}],"predecessor-version":[{"id":25241,"href":"https:\/\/www.cri.pt\/index.php?rest_route=\/wp\/v2\/posts\/25181\/revisions\/25241"}],"wp:featuredmedia":[{"embeddable":true,"href":"https:\/\/www.cri.pt\/index.php?rest_route=\/wp\/v2\/media\/25240"}],"wp:attachment":[{"href":"https:\/\/www.cri.pt\/index.php?rest_route=%2Fwp%2Fv2%2Fmedia&parent=25181"}],"wp:term":[{"taxonomy":"category","embeddable":true,"href":"https:\/\/www.cri.pt\/index.php?rest_route=%2Fwp%2Fv2%2Fcategories&post=25181"},{"taxonomy":"post_tag","embeddable":true,"href":"https:\/\/www.cri.pt\/index.php?rest_route=%2Fwp%2Fv2%2Ftags&post=25181"}],"curies":[{"name":"wp","href":"https:\/\/api.w.org\/{rel}","templated":true}]}}