{"id":25523,"date":"2025-01-15T11:50:23","date_gmt":"2025-01-15T11:50:23","guid":{"rendered":"https:\/\/www.cri.pt\/?p=25523"},"modified":"2025-01-19T22:28:41","modified_gmt":"2025-01-19T22:28:41","slug":"duelo-inedito-entre-vitoria-fc-e-cri-seniores","status":"publish","type":"post","link":"https:\/\/www.cri.pt\/?p=25523","title":{"rendered":"Duelo in\u00e9dito entre Vit\u00f3ria FC e CRI (Seniores)"},"content":{"rendered":"<p>Em duelo in\u00e9dito entre dois clubes centen\u00e1rios, Vit\u00f3ria FC (1910) e Clube Recreio e Instru\u00e7\u00e3o (1915) enfrentam-se no est\u00e1dio do Bonfim, neste domingo, dia 19\/01, \u00e0s 15h30.<\/p>\n<p>Ver <a href=\"https:\/\/osetubalense.com\/desporto\/campeao-pelo-fabril-e-olimpico-quer-repetir-feito-pelo-vitoria-fc\/\" target=\"_blank\" rel=\"noopener\">AQUI<\/a> o que se escreveu no jornal &#8220;O Setubalense&#8221; sobre este jogo<\/p>\n<p><img loading=\"lazy\" decoding=\"async\" class=\"aligncenter size-full wp-image-25525\" src=\"https:\/\/www.cri.pt\/wp-content\/uploads\/2025\/01\/vitoria_CRI_web.jpg\" alt=\"\" width=\"636\" height=\"795\" srcset=\"https:\/\/www.cri.pt\/wp-content\/uploads\/2025\/01\/vitoria_CRI_web.jpg 636w, https:\/\/www.cri.pt\/wp-content\/uploads\/2025\/01\/vitoria_CRI_web-240x300.jpg 240w\" sizes=\"auto, (max-width: 636px) 100vw, 636px\" \/><\/p>\n","protected":false},"excerpt":{"rendered":"<p>Em duelo in\u00e9dito entre dois clubes centen\u00e1rios, Vit\u00f3ria FC (1910) e Clube Recreio e Instru\u00e7\u00e3o (1915) enfrentam-se no est\u00e1dio do Bonfim, neste domingo, dia 19\/01, \u00e0s 15h30. Ver AQUI o que se escreveu no jornal &#8220;O Setubalense&#8221; sobre este jogo<\/p>\n","protected":false},"author":1,"featured_media":25525,"comment_status":"closed","ping_status":"closed","sticky":false,"template":"","format":"standard","meta":{"footnotes":"","jetpack_publicize_message":"","jetpack_publicize_feature_enabled":true,"jetpack_social_post_already_shared":false,"jetpack_social_options":{"image_generator_settings":{"template":"highway","default_image_id":0,"font":"","enabled":false},"version":2}},"categories":[444,22],"tags":[311],"class_list":["post-25523","post","type-post","status-publish","format-standard","has-post-thumbnail","hentry","category-futebol-2","category-informacao","tag-cri"],"views":233,"jetpack_publicize_connections":[],"_links":{"self":[{"href":"https:\/\/www.cri.pt\/index.php?rest_route=\/wp\/v2\/posts\/25523","targetHints":{"allow":["GET"]}}],"collection":[{"href":"https:\/\/www.cri.pt\/index.php?rest_route=\/wp\/v2\/posts"}],"about":[{"href":"https:\/\/www.cri.pt\/index.php?rest_route=\/wp\/v2\/types\/post"}],"author":[{"embeddable":true,"href":"https:\/\/www.cri.pt\/index.php?rest_route=\/wp\/v2\/users\/1"}],"replies":[{"embeddable":true,"href":"https:\/\/www.cri.pt\/index.php?rest_route=%2Fwp%2Fv2%2Fcomments&post=25523"}],"version-history":[{"count":1,"href":"https:\/\/www.cri.pt\/index.php?rest_route=\/wp\/v2\/posts\/25523\/revisions"}],"predecessor-version":[{"id":25526,"href":"https:\/\/www.cri.pt\/index.php?rest_route=\/wp\/v2\/posts\/25523\/revisions\/25526"}],"wp:featuredmedia":[{"embeddable":true,"href":"https:\/\/www.cri.pt\/index.php?rest_route=\/wp\/v2\/media\/25525"}],"wp:attachment":[{"href":"https:\/\/www.cri.pt\/index.php?rest_route=%2Fwp%2Fv2%2Fmedia&parent=25523"}],"wp:term":[{"taxonomy":"category","embeddable":true,"href":"https:\/\/www.cri.pt\/index.php?rest_route=%2Fwp%2Fv2%2Fcategories&post=25523"},{"taxonomy":"post_tag","embeddable":true,"href":"https:\/\/www.cri.pt\/index.php?rest_route=%2Fwp%2Fv2%2Ftags&post=25523"}],"curies":[{"name":"wp","href":"https:\/\/api.w.org\/{rel}","templated":true}]}}