{"id":26163,"date":"2025-04-06T19:00:41","date_gmt":"2025-04-06T19:00:41","guid":{"rendered":"https:\/\/www.cri.pt\/?p=26163"},"modified":"2025-04-10T19:07:15","modified_gmt":"2025-04-10T19:07:15","slug":"fotos-cri-x-unidos-sub-12-sub-13","status":"publish","type":"post","link":"https:\/\/www.cri.pt\/?p=26163","title":{"rendered":"Fotos: CRI x Unidos (Sub-12\/Sub-13)"},"content":{"rendered":"<p><img loading=\"lazy\" decoding=\"async\" class=\"aligncenter size-full wp-image-26165\" src=\"https:\/\/www.cri.pt\/wp-content\/uploads\/2025\/04\/2025_04_06_cri_x_unidos_001.jpg\" alt=\"\" width=\"1280\" height=\"781\" srcset=\"https:\/\/www.cri.pt\/wp-content\/uploads\/2025\/04\/2025_04_06_cri_x_unidos_001.jpg 1280w, https:\/\/www.cri.pt\/wp-content\/uploads\/2025\/04\/2025_04_06_cri_x_unidos_001-300x183.jpg 300w, https:\/\/www.cri.pt\/wp-content\/uploads\/2025\/04\/2025_04_06_cri_x_unidos_001-1024x625.jpg 1024w, https:\/\/www.cri.pt\/wp-content\/uploads\/2025\/04\/2025_04_06_cri_x_unidos_001-768x469.jpg 768w, https:\/\/www.cri.pt\/wp-content\/uploads\/2025\/04\/2025_04_06_cri_x_unidos_001-990x604.jpg 990w\" sizes=\"auto, (max-width: 1280px) 100vw, 1280px\" \/><\/p>\n<p>Jogo de prepara\u00e7\u00e3o &#8211; futebol de 11 &#8211; misto de sub-12 e sub-13.<\/p>\n<p>CLICAR PARA VER MAIS FOTOS <a href=\"https:\/\/photos.app.goo.gl\/w7via4eYYRk1qMXQ6\" target=\"_blank\" rel=\"noopener\">\u00c1LBUM N\u00ba1<\/a> &#8211; Autora: C\u00e1tia Sousa<br \/>\nCLICAR PARA VER MAIS FOTOS <a href=\"https:\/\/photos.app.goo.gl\/GecprDAseUYpXcFH8\" target=\"_blank\" rel=\"noopener\">\u00c1LBUM N\u00ba2<\/a> &#8211; Autora: Eliane Lourinho<br \/>\n(Os nossos agradecimentos pelas fotos a C\u00e1tia Sousa e Eliane Lourinho)<\/p>\n","protected":false},"excerpt":{"rendered":"<p>Jogo de prepara\u00e7\u00e3o &#8211; futebol de 11 &#8211; misto de sub-12 e sub-13. CLICAR PARA VER MAIS FOTOS \u00c1LBUM N\u00ba1 &#8211; Autora: C\u00e1tia Sousa CLICAR PARA VER MAIS FOTOS \u00c1LBUM N\u00ba2 &#8211; Autora: Eliane Lourinho (Os nossos agradecimentos pelas fotos a C\u00e1tia Sousa e Eliane Lourinho)<\/p>\n","protected":false},"author":1,"featured_media":26165,"comment_status":"closed","ping_status":"closed","sticky":false,"template":"","format":"standard","meta":{"footnotes":"","jetpack_publicize_message":"","jetpack_publicize_feature_enabled":true,"jetpack_social_post_already_shared":false,"jetpack_social_options":{"image_generator_settings":{"template":"highway","default_image_id":0,"font":"","enabled":false},"version":2}},"categories":[14,21,20],"tags":[575,580],"class_list":["post-26163","post","type-post","status-publish","format-standard","has-post-thumbnail","hentry","category-fotos","category-infantis-b","category-infantis-a","tag-infantis-2024-25","tag-infantis-b-2024-25"],"views":148,"jetpack_publicize_connections":[],"_links":{"self":[{"href":"https:\/\/www.cri.pt\/index.php?rest_route=\/wp\/v2\/posts\/26163","targetHints":{"allow":["GET"]}}],"collection":[{"href":"https:\/\/www.cri.pt\/index.php?rest_route=\/wp\/v2\/posts"}],"about":[{"href":"https:\/\/www.cri.pt\/index.php?rest_route=\/wp\/v2\/types\/post"}],"author":[{"embeddable":true,"href":"https:\/\/www.cri.pt\/index.php?rest_route=\/wp\/v2\/users\/1"}],"replies":[{"embeddable":true,"href":"https:\/\/www.cri.pt\/index.php?rest_route=%2Fwp%2Fv2%2Fcomments&post=26163"}],"version-history":[{"count":1,"href":"https:\/\/www.cri.pt\/index.php?rest_route=\/wp\/v2\/posts\/26163\/revisions"}],"predecessor-version":[{"id":26166,"href":"https:\/\/www.cri.pt\/index.php?rest_route=\/wp\/v2\/posts\/26163\/revisions\/26166"}],"wp:featuredmedia":[{"embeddable":true,"href":"https:\/\/www.cri.pt\/index.php?rest_route=\/wp\/v2\/media\/26165"}],"wp:attachment":[{"href":"https:\/\/www.cri.pt\/index.php?rest_route=%2Fwp%2Fv2%2Fmedia&parent=26163"}],"wp:term":[{"taxonomy":"category","embeddable":true,"href":"https:\/\/www.cri.pt\/index.php?rest_route=%2Fwp%2Fv2%2Fcategories&post=26163"},{"taxonomy":"post_tag","embeddable":true,"href":"https:\/\/www.cri.pt\/index.php?rest_route=%2Fwp%2Fv2%2Ftags&post=26163"}],"curies":[{"name":"wp","href":"https:\/\/api.w.org\/{rel}","templated":true}]}}