{"id":26333,"date":"2025-04-26T22:42:22","date_gmt":"2025-04-26T22:42:22","guid":{"rendered":"https:\/\/www.cri.pt\/?p=26333"},"modified":"2025-05-01T22:45:39","modified_gmt":"2025-05-01T22:45:39","slug":"fotos-juv-sarilhense-2-4-cri-sub-13","status":"publish","type":"post","link":"https:\/\/www.cri.pt\/?p=26333","title":{"rendered":"Fotos: Juv. Sarilhense 2-4 CRI (Sub-13)"},"content":{"rendered":"<p><a href=\"https:\/\/photos.app.goo.gl\/X3f945XpbS4cwmxe7\" target=\"_blank\" rel=\"noopener\"><img loading=\"lazy\" decoding=\"async\" class=\"aligncenter wp-image-26335 size-full\" src=\"https:\/\/www.cri.pt\/wp-content\/uploads\/2025\/05\/P1800959.jpg\" alt=\"\" width=\"1280\" height=\"861\" srcset=\"https:\/\/www.cri.pt\/wp-content\/uploads\/2025\/05\/P1800959.jpg 1280w, https:\/\/www.cri.pt\/wp-content\/uploads\/2025\/05\/P1800959-300x202.jpg 300w, https:\/\/www.cri.pt\/wp-content\/uploads\/2025\/05\/P1800959-1024x689.jpg 1024w, https:\/\/www.cri.pt\/wp-content\/uploads\/2025\/05\/P1800959-768x517.jpg 768w, https:\/\/www.cri.pt\/wp-content\/uploads\/2025\/05\/P1800959-130x86.jpg 130w, https:\/\/www.cri.pt\/wp-content\/uploads\/2025\/05\/P1800959-990x666.jpg 990w\" sizes=\"auto, (max-width: 1280px) 100vw, 1280px\" \/><\/a><\/p>\n<p><a href=\"https:\/\/photos.app.goo.gl\/X3f945XpbS4cwmxe7\" target=\"_blank\" rel=\"noopener\">CLICAR PARA VER MAIS FOTOS<\/a><br \/>\n(Colabora\u00e7\u00e3o de: C\u00e1tia Sousa)<\/p>\n","protected":false},"excerpt":{"rendered":"<p>CLICAR PARA VER MAIS FOTOS (Colabora\u00e7\u00e3o de: C\u00e1tia Sousa)<\/p>\n","protected":false},"author":1,"featured_media":26335,"comment_status":"closed","ping_status":"closed","sticky":false,"template":"","format":"standard","meta":{"footnotes":"","jetpack_publicize_message":"","jetpack_publicize_feature_enabled":true,"jetpack_social_post_already_shared":false,"jetpack_social_options":{"image_generator_settings":{"template":"highway","default_image_id":0,"font":"","enabled":false},"version":2}},"categories":[14,20],"tags":[575],"class_list":["post-26333","post","type-post","status-publish","format-standard","has-post-thumbnail","hentry","category-fotos","category-infantis-a","tag-infantis-2024-25"],"views":120,"jetpack_publicize_connections":[],"_links":{"self":[{"href":"https:\/\/www.cri.pt\/index.php?rest_route=\/wp\/v2\/posts\/26333","targetHints":{"allow":["GET"]}}],"collection":[{"href":"https:\/\/www.cri.pt\/index.php?rest_route=\/wp\/v2\/posts"}],"about":[{"href":"https:\/\/www.cri.pt\/index.php?rest_route=\/wp\/v2\/types\/post"}],"author":[{"embeddable":true,"href":"https:\/\/www.cri.pt\/index.php?rest_route=\/wp\/v2\/users\/1"}],"replies":[{"embeddable":true,"href":"https:\/\/www.cri.pt\/index.php?rest_route=%2Fwp%2Fv2%2Fcomments&post=26333"}],"version-history":[{"count":1,"href":"https:\/\/www.cri.pt\/index.php?rest_route=\/wp\/v2\/posts\/26333\/revisions"}],"predecessor-version":[{"id":26336,"href":"https:\/\/www.cri.pt\/index.php?rest_route=\/wp\/v2\/posts\/26333\/revisions\/26336"}],"wp:featuredmedia":[{"embeddable":true,"href":"https:\/\/www.cri.pt\/index.php?rest_route=\/wp\/v2\/media\/26335"}],"wp:attachment":[{"href":"https:\/\/www.cri.pt\/index.php?rest_route=%2Fwp%2Fv2%2Fmedia&parent=26333"}],"wp:term":[{"taxonomy":"category","embeddable":true,"href":"https:\/\/www.cri.pt\/index.php?rest_route=%2Fwp%2Fv2%2Fcategories&post=26333"},{"taxonomy":"post_tag","embeddable":true,"href":"https:\/\/www.cri.pt\/index.php?rest_route=%2Fwp%2Fv2%2Ftags&post=26333"}],"curies":[{"name":"wp","href":"https:\/\/api.w.org\/{rel}","templated":true}]}}