{"id":26490,"date":"2025-05-24T10:30:28","date_gmt":"2025-05-24T10:30:28","guid":{"rendered":"https:\/\/www.cri.pt\/?p=26490"},"modified":"2025-05-28T22:46:19","modified_gmt":"2025-05-28T22:46:19","slug":"fotos-fabril-b-3-0-cri-sub-13","status":"publish","type":"post","link":"https:\/\/www.cri.pt\/?p=26490","title":{"rendered":"Fotos: Fabril 3-0 CRI (Sub-13)"},"content":{"rendered":"<p><a href=\"https:\/\/photos.app.goo.gl\/2i3jEFRHhs5s5D9N9\" target=\"_blank\" rel=\"noopener\"><img loading=\"lazy\" decoding=\"async\" class=\"aligncenter wp-image-26492 size-full\" src=\"https:\/\/www.cri.pt\/wp-content\/uploads\/2025\/05\/P1850397.jpg\" alt=\"\" width=\"1280\" height=\"854\" srcset=\"https:\/\/www.cri.pt\/wp-content\/uploads\/2025\/05\/P1850397.jpg 1280w, https:\/\/www.cri.pt\/wp-content\/uploads\/2025\/05\/P1850397-300x200.jpg 300w, https:\/\/www.cri.pt\/wp-content\/uploads\/2025\/05\/P1850397-1024x683.jpg 1024w, https:\/\/www.cri.pt\/wp-content\/uploads\/2025\/05\/P1850397-768x512.jpg 768w, https:\/\/www.cri.pt\/wp-content\/uploads\/2025\/05\/P1850397-414x276.jpg 414w, https:\/\/www.cri.pt\/wp-content\/uploads\/2025\/05\/P1850397-470x313.jpg 470w, https:\/\/www.cri.pt\/wp-content\/uploads\/2025\/05\/P1850397-640x426.jpg 640w, https:\/\/www.cri.pt\/wp-content\/uploads\/2025\/05\/P1850397-130x86.jpg 130w, https:\/\/www.cri.pt\/wp-content\/uploads\/2025\/05\/P1850397-187x124.jpg 187w, https:\/\/www.cri.pt\/wp-content\/uploads\/2025\/05\/P1850397-990x661.jpg 990w\" sizes=\"auto, (max-width: 1280px) 100vw, 1280px\" \/><\/a><\/p>\n<p><a href=\"https:\/\/photos.app.goo.gl\/2i3jEFRHhs5s5D9N9\" target=\"_blank\" rel=\"noopener\">CLICAR PARA VER MAIS FOTOS<\/a><br \/>\n(Colabora\u00e7\u00e3o de: C\u00e1tia Sousa)<\/p>\n","protected":false},"excerpt":{"rendered":"<p>CLICAR PARA VER MAIS FOTOS (Colabora\u00e7\u00e3o de: C\u00e1tia Sousa)<\/p>\n","protected":false},"author":1,"featured_media":26492,"comment_status":"closed","ping_status":"closed","sticky":false,"template":"","format":"standard","meta":{"footnotes":"","jetpack_publicize_message":"","jetpack_publicize_feature_enabled":true,"jetpack_social_post_already_shared":false,"jetpack_social_options":{"image_generator_settings":{"template":"highway","default_image_id":0,"font":"","enabled":false},"version":2}},"categories":[14,20],"tags":[575],"class_list":["post-26490","post","type-post","status-publish","format-standard","has-post-thumbnail","hentry","category-fotos","category-infantis-a","tag-infantis-2024-25"],"views":111,"jetpack_publicize_connections":[],"_links":{"self":[{"href":"https:\/\/www.cri.pt\/index.php?rest_route=\/wp\/v2\/posts\/26490","targetHints":{"allow":["GET"]}}],"collection":[{"href":"https:\/\/www.cri.pt\/index.php?rest_route=\/wp\/v2\/posts"}],"about":[{"href":"https:\/\/www.cri.pt\/index.php?rest_route=\/wp\/v2\/types\/post"}],"author":[{"embeddable":true,"href":"https:\/\/www.cri.pt\/index.php?rest_route=\/wp\/v2\/users\/1"}],"replies":[{"embeddable":true,"href":"https:\/\/www.cri.pt\/index.php?rest_route=%2Fwp%2Fv2%2Fcomments&post=26490"}],"version-history":[{"count":2,"href":"https:\/\/www.cri.pt\/index.php?rest_route=\/wp\/v2\/posts\/26490\/revisions"}],"predecessor-version":[{"id":26498,"href":"https:\/\/www.cri.pt\/index.php?rest_route=\/wp\/v2\/posts\/26490\/revisions\/26498"}],"wp:featuredmedia":[{"embeddable":true,"href":"https:\/\/www.cri.pt\/index.php?rest_route=\/wp\/v2\/media\/26492"}],"wp:attachment":[{"href":"https:\/\/www.cri.pt\/index.php?rest_route=%2Fwp%2Fv2%2Fmedia&parent=26490"}],"wp:term":[{"taxonomy":"category","embeddable":true,"href":"https:\/\/www.cri.pt\/index.php?rest_route=%2Fwp%2Fv2%2Fcategories&post=26490"},{"taxonomy":"post_tag","embeddable":true,"href":"https:\/\/www.cri.pt\/index.php?rest_route=%2Fwp%2Fv2%2Ftags&post=26490"}],"curies":[{"name":"wp","href":"https:\/\/api.w.org\/{rel}","templated":true}]}}