{"id":26542,"date":"2025-08-17T14:52:27","date_gmt":"2025-08-17T14:52:27","guid":{"rendered":"https:\/\/www.cri.pt\/?p=26542"},"modified":"2025-10-29T09:37:34","modified_gmt":"2025-10-29T09:37:34","slug":"epoca-2025-26-inscricoes-treinos-de-captacao","status":"publish","type":"post","link":"https:\/\/www.cri.pt\/?p=26542","title":{"rendered":"\u00c9poca 2025\/26 | Hor\u00e1rios"},"content":{"rendered":"<div class=\"mks_separator\" style=\"border-bottom: 8px double;\"><\/div>\n<h3><strong>FEMININO (Equipa Sub-13)<\/strong><strong>\u00a0<\/strong><\/h3>\n<p><strong>Nascidas em: 2012, 2013 e 2014 ou mais<\/strong><br \/>\nHor\u00e1rio dos treinos regulares:<br \/>\nSegundas (19:30h)<br \/>\nTer\u00e7as (19:30h)<br \/>\nQuintas (19:30h)<\/p>\n<div class=\"mks_separator\" style=\"border-bottom: 8px double;\"><\/div>\n<p>FUTEBOL MASCULINO<\/p>\n<div class=\"mks_separator\" style=\"border-bottom: 2px double;\"><\/div>\n<h3><strong>SENIORES<\/strong><\/h3>\n<p>Hor\u00e1rio dos treinos regulares:<br \/>\nTer\u00e7as (21:00h)<br \/>\nQuartas (21:00h)<br \/>\nSextas (21:00h)<\/p>\n<div class=\"mks_separator\" style=\"border-bottom: 2px double;\"><\/div>\n<h3><strong>JUNIORES<\/strong><\/h3>\n<p><strong>Nascidos em: 2007 e 2008<\/strong><br \/>\nHor\u00e1rio dos treinos regulares:<br \/>\nSegundas (21:00h)<br \/>\nTer\u00e7as (21:00h)<br \/>\nQuintas (21:00h)<\/p>\n<div class=\"mks_separator\" style=\"border-bottom: 2px double;\"><\/div>\n<h3><strong>JUVENIS SUB-17 A<\/strong><\/h3>\n<p><strong>Nascidos em: 2009\/10<\/strong><br \/>\nHor\u00e1rio dos treinos regulares:<br \/>\nSegundas (19:15h)<br \/>\nQuartas (20:00h)<br \/>\nQuintas (20:00h)<\/p>\n<div class=\"mks_separator\" style=\"border-bottom: 2px double;\"><\/div>\n<h3><strong>JUVENIS\u00a0<\/strong><strong>SUB-17\u00a0<\/strong><strong>B\u00a0<\/strong><\/h3>\n<p><strong>Nascidos em: 2010\/09<br \/>\n<\/strong>Hor\u00e1rio dos treinos regulares:<br \/>\nTer\u00e7as (20:00h)<br \/>\nQuintas (20:00h)<br \/>\nSextas (20:00h)<\/p>\n<div class=\"mks_separator\" style=\"border-bottom: 2px double;\"><\/div>\n<h3><strong>INICIADOS SUB-15 A\u00a0<\/strong><\/h3>\n<p><strong>Nascidos em: 2011\/12<\/strong><br \/>\nHor\u00e1rio dos treinos regulares:<br \/>\nTer\u00e7as (19:15h)<br \/>\nQuartas (19:15h)<br \/>\nSextas (19:15h)<\/p>\n<div class=\"mks_separator\" style=\"border-bottom: 2px double;\"><\/div>\n<h3><strong>INICIADOS SUB-15 B\u00a0<\/strong><\/h3>\n<p><strong>Nascidos em: 2012\/11<\/strong><br \/>\nHor\u00e1rio dos treinos regulares:<br \/>\nTer\u00e7as (19:00h)<br \/>\nQuintas (19:00h)<br \/>\nSextas (19:00h)<\/p>\n<div class=\"mks_separator\" style=\"border-bottom: 2px double;\"><\/div>\n<h3><strong>INFANTIS A &#8211; SUB-13<\/strong><\/h3>\n<p><strong>Nascidos em: 2013<\/strong><br \/>\nHor\u00e1rio dos treinos regulares:<br \/>\nSegundas (20:30h)<br \/>\nTer\u00e7as (20:30h)<br \/>\nQuintas (20:30h)<\/p>\n<div class=\"mks_separator\" style=\"border-bottom: 2px double;\"><\/div>\n<h3><strong>INFANTIS B &#8211; SUB-12<\/strong><\/h3>\n<p><strong>Nascidos em: 2014<\/strong><br \/>\nHor\u00e1rio dos treinos regulares:<br \/>\nSegundas (20:00h)<br \/>\nQuartas (20:00h)<br \/>\nQuintas (20:00h)<\/p>\n<div class=\"mks_separator\" style=\"border-bottom: 2px double;\"><\/div>\n<h3><strong>BENJAMINS A &#8211; SUB-11<\/strong><\/h3>\n<p><strong>Nascidos em: 2015<\/strong><br \/>\nHor\u00e1rio dos treinos regulares:<br \/>\nSegundas (19:00h)<br \/>\nQuartas (19:00h)<br \/>\nQuintas (19:00h)<\/p>\n<div class=\"mks_separator\" style=\"border-bottom: 2px double;\"><\/div>\n<h3><strong>BENJAMINS B &#8211; SUB-10<\/strong><\/h3>\n<p><strong>Nascidos em: 2016<\/strong><br \/>\nHor\u00e1rio dos treinos regulares:<br \/>\nSegundas (18:00h)<br \/>\nTer\u00e7as (18:00h)<br \/>\nQuintas (18:00h)<\/p>\n<div class=\"mks_separator\" style=\"border-bottom: 2px double;\"><\/div>\n<h3><strong>TRAQUINAS<\/strong><\/h3>\n<p><strong>Nascidos em: 2017 e 2018<\/strong><br \/>\nHor\u00e1rio dos treinos regulares:<br \/>\nTer\u00e7as (18:00h)<br \/>\nQuartas (18:00h)<br \/>\nSextas (18:00h)<\/p>\n<div class=\"mks_separator\" style=\"border-bottom: 2px double;\"><\/div>\n<h3><strong>PETIZES<\/strong><\/h3>\n<p><strong>Nascidos em: 2018, 2019 e 2020<\/strong><br \/>\nHor\u00e1rio dos treinos regulares:<br \/>\nTer\u00e7as (18:00h)<br \/>\nSextas (18:00h)<\/p>\n<div class=\"mks_separator\" style=\"border-bottom: 2px double;\"><\/div>\n<p>&nbsp;<\/p>\n<p>&nbsp;<\/p>\n","protected":false},"excerpt":{"rendered":"<p>FEMININO (Equipa Sub-13)\u00a0 Nascidas em: 2012, 2013 e 2014 ou mais Hor\u00e1rio dos treinos regulares: Segundas (19:30h) Ter\u00e7as (19:30h) Quintas (19:30h) FUTEBOL MASCULINO SENIORES Hor\u00e1rio dos treinos regulares: Ter\u00e7as (21:00h) Quartas (21:00h) Sextas (21:00h) JUNIORES Nascidos em: 2007 e 2008 Hor\u00e1rio dos treinos regulares: Segundas (21:00h) Ter\u00e7as (21:00h) Quintas (21:00h) JUVENIS SUB-17 A Nascidos em: [&hellip;]<\/p>\n","protected":false},"author":1,"featured_media":27078,"comment_status":"closed","ping_status":"closed","sticky":false,"template":"","format":"standard","meta":{"footnotes":"","jetpack_publicize_message":"","jetpack_publicize_feature_enabled":true,"jetpack_social_post_already_shared":false,"jetpack_social_options":{"image_generator_settings":{"template":"highway","default_image_id":0,"font":"","enabled":false},"version":2}},"categories":[22],"tags":[59],"class_list":["post-26542","post","type-post","status-publish","format-standard","has-post-thumbnail","hentry","category-informacao","tag-captacoes"],"views":2981,"jetpack_publicize_connections":[],"_links":{"self":[{"href":"https:\/\/www.cri.pt\/index.php?rest_route=\/wp\/v2\/posts\/26542","targetHints":{"allow":["GET"]}}],"collection":[{"href":"https:\/\/www.cri.pt\/index.php?rest_route=\/wp\/v2\/posts"}],"about":[{"href":"https:\/\/www.cri.pt\/index.php?rest_route=\/wp\/v2\/types\/post"}],"author":[{"embeddable":true,"href":"https:\/\/www.cri.pt\/index.php?rest_route=\/wp\/v2\/users\/1"}],"replies":[{"embeddable":true,"href":"https:\/\/www.cri.pt\/index.php?rest_route=%2Fwp%2Fv2%2Fcomments&post=26542"}],"version-history":[{"count":53,"href":"https:\/\/www.cri.pt\/index.php?rest_route=\/wp\/v2\/posts\/26542\/revisions"}],"predecessor-version":[{"id":27509,"href":"https:\/\/www.cri.pt\/index.php?rest_route=\/wp\/v2\/posts\/26542\/revisions\/27509"}],"wp:featuredmedia":[{"embeddable":true,"href":"https:\/\/www.cri.pt\/index.php?rest_route=\/wp\/v2\/media\/27078"}],"wp:attachment":[{"href":"https:\/\/www.cri.pt\/index.php?rest_route=%2Fwp%2Fv2%2Fmedia&parent=26542"}],"wp:term":[{"taxonomy":"category","embeddable":true,"href":"https:\/\/www.cri.pt\/index.php?rest_route=%2Fwp%2Fv2%2Fcategories&post=26542"},{"taxonomy":"post_tag","embeddable":true,"href":"https:\/\/www.cri.pt\/index.php?rest_route=%2Fwp%2Fv2%2Ftags&post=26542"}],"curies":[{"name":"wp","href":"https:\/\/api.w.org\/{rel}","templated":true}]}}