{"id":27872,"date":"2025-12-24T19:01:09","date_gmt":"2025-12-24T19:01:09","guid":{"rendered":"https:\/\/www.cri.pt\/?p=27872"},"modified":"2025-12-29T20:03:53","modified_gmt":"2025-12-29T20:03:53","slug":"mensagem-de-condolencias-3","status":"publish","type":"post","link":"https:\/\/www.cri.pt\/?p=27872","title":{"rendered":"Mensagem de Condol\u00eancias"},"content":{"rendered":"<p><img loading=\"lazy\" decoding=\"async\" class=\"aligncenter wp-image-27874 size-medium\" src=\"https:\/\/www.cri.pt\/wp-content\/uploads\/2025\/12\/Nota-de-Pesar-300x300.png\" alt=\"\" width=\"300\" height=\"300\" srcset=\"https:\/\/www.cri.pt\/wp-content\/uploads\/2025\/12\/Nota-de-Pesar-300x300.png 300w, https:\/\/www.cri.pt\/wp-content\/uploads\/2025\/12\/Nota-de-Pesar-150x150.png 150w, https:\/\/www.cri.pt\/wp-content\/uploads\/2025\/12\/Nota-de-Pesar-65x65.png 65w, https:\/\/www.cri.pt\/wp-content\/uploads\/2025\/12\/Nota-de-Pesar-130x130.png 130w, https:\/\/www.cri.pt\/wp-content\/uploads\/2025\/12\/Nota-de-Pesar-187x187.png 187w, https:\/\/www.cri.pt\/wp-content\/uploads\/2025\/12\/Nota-de-Pesar.png 450w\" sizes=\"auto, (max-width: 300px) 100vw, 300px\" \/><\/p>\n<p>\u00c9 com grande tristeza que recebemos a not\u00edcia do falecimento do av\u00f4 do nosso atleta Afonso Canas.<br \/>\nEm nome de toda a nossa estrutura, deixamos uma palavra de for\u00e7a e solidariedade ao Afonso e \u00e0 sua fam\u00edlia neste momento t\u00e3o dif\u00edcil.<br \/>\nQue encontrem conforto nas mem\u00f3rias e no amor que permanecer\u00e1 para sempre.<br \/>\nOs nossos sentidos p\u00easames.<\/p>\n","protected":false},"excerpt":{"rendered":"<p>\u00c9 com grande tristeza que recebemos a not\u00edcia do falecimento do av\u00f4 do nosso atleta Afonso Canas. Em nome de toda a nossa estrutura, deixamos uma palavra de for\u00e7a e solidariedade ao Afonso e \u00e0 sua fam\u00edlia neste momento t\u00e3o dif\u00edcil. Que encontrem conforto nas mem\u00f3rias e no amor que permanecer\u00e1 para sempre. Os nossos [&hellip;]<\/p>\n","protected":false},"author":1,"featured_media":27874,"comment_status":"closed","ping_status":"closed","sticky":false,"template":"","format":"standard","meta":{"footnotes":"","jetpack_publicize_message":"","jetpack_publicize_feature_enabled":true,"jetpack_social_post_already_shared":false,"jetpack_social_options":{"image_generator_settings":{"template":"highway","default_image_id":0,"font":"","enabled":false},"version":2}},"categories":[558,23],"tags":[311,187],"class_list":["post-27872","post","type-post","status-publish","format-standard","has-post-thumbnail","hentry","category-condolencias","category-informacao-geral","tag-cri","tag-obituario"],"views":109,"jetpack_publicize_connections":[],"_links":{"self":[{"href":"https:\/\/www.cri.pt\/index.php?rest_route=\/wp\/v2\/posts\/27872","targetHints":{"allow":["GET"]}}],"collection":[{"href":"https:\/\/www.cri.pt\/index.php?rest_route=\/wp\/v2\/posts"}],"about":[{"href":"https:\/\/www.cri.pt\/index.php?rest_route=\/wp\/v2\/types\/post"}],"author":[{"embeddable":true,"href":"https:\/\/www.cri.pt\/index.php?rest_route=\/wp\/v2\/users\/1"}],"replies":[{"embeddable":true,"href":"https:\/\/www.cri.pt\/index.php?rest_route=%2Fwp%2Fv2%2Fcomments&post=27872"}],"version-history":[{"count":2,"href":"https:\/\/www.cri.pt\/index.php?rest_route=\/wp\/v2\/posts\/27872\/revisions"}],"predecessor-version":[{"id":27876,"href":"https:\/\/www.cri.pt\/index.php?rest_route=\/wp\/v2\/posts\/27872\/revisions\/27876"}],"wp:featuredmedia":[{"embeddable":true,"href":"https:\/\/www.cri.pt\/index.php?rest_route=\/wp\/v2\/media\/27874"}],"wp:attachment":[{"href":"https:\/\/www.cri.pt\/index.php?rest_route=%2Fwp%2Fv2%2Fmedia&parent=27872"}],"wp:term":[{"taxonomy":"category","embeddable":true,"href":"https:\/\/www.cri.pt\/index.php?rest_route=%2Fwp%2Fv2%2Fcategories&post=27872"},{"taxonomy":"post_tag","embeddable":true,"href":"https:\/\/www.cri.pt\/index.php?rest_route=%2Fwp%2Fv2%2Ftags&post=27872"}],"curies":[{"name":"wp","href":"https:\/\/api.w.org\/{rel}","templated":true}]}}