{"id":27877,"date":"2025-12-27T23:38:10","date_gmt":"2025-12-27T23:38:10","guid":{"rendered":"https:\/\/www.cri.pt\/?p=27877"},"modified":"2025-12-28T12:21:45","modified_gmt":"2025-12-28T12:21:45","slug":"i-trofeu-manuel-fernandes-e-nosso","status":"publish","type":"post","link":"https:\/\/www.cri.pt\/?p=27877","title":{"rendered":"I Trof\u00e9u Manuel Fernandes \u2014 \u00c9 nosso!"},"content":{"rendered":"<p><strong data-start=\"208\" data-end=\"292\">CRI Conquistou Trof\u00e9u Manuel Fernandes em Homenagem ao Eterno Capit\u00e3o do Sporting<\/strong><\/p>\n<p data-start=\"294\" data-end=\"738\"><strong><em>U Moitense 1-3 CR Instru\u00e7\u00e3o<\/em><\/strong><\/p>\n<p data-start=\"294\" data-end=\"738\">O Clube Recreio e Instru\u00e7\u00e3o sagrou-se brilhante vencedor do <strong data-start=\"354\" data-end=\"381\">Trof\u00e9u Manuel Fernandes<\/strong>, competi\u00e7\u00e3o organizada pela C\u00e2mara Municipal da Moita em homenagem ao eterno capit\u00e3o do Sporting Clube de Portugal, natural de Sarilhos Pequenos e falecido em junho de 2024. O torneio contou com a participa\u00e7\u00e3o dos quatro clubes do concelho que competem a n\u00edvel s\u00e9nior: <strong data-start=\"651\" data-end=\"737\">UFC Moitense, Clube Recreio e Instru\u00e7\u00e3o, Sporting Clube Vinhense e UDC Banheirense<\/strong>.<\/p>\n<p data-start=\"740\" data-end=\"1005\">Depois de ultrapassarem as eliminat\u00f3rias, <strong data-start=\"782\" data-end=\"800\">CRI e Moitense<\/strong> encontraram-se na final disputada este s\u00e1bado, <strong data-start=\"848\" data-end=\"866\">27 de dezembro<\/strong>, no Campo Municipal do Vale da Amoreira, perante uma excelente moldura humana e um ambiente digno do tributo ao hist\u00f3rico capit\u00e3o leonino, apesar da chuva que n\u00e3o deu tr\u00e9guas.<\/p>\n<hr data-start=\"1007\" data-end=\"1010\" \/>\n<h3 data-start=\"1012\" data-end=\"1046\"><strong data-start=\"1016\" data-end=\"1046\">Vit\u00f3ria Justa e Expressiva<\/strong><\/h3>\n<p data-start=\"1047\" data-end=\"1505\">O CRI entrou forte e determinado em demonstrar superioridade dentro de campo. Aos 30 minutos, <strong>Etion Monteiro<\/strong> inaugurou o marcador ao surgir oportuno ao primeiro poste, finalizando com efic\u00e1cia um pontap\u00e9 de canto cobrado do lado esquerdo.\u00a0Apenas dois minutos depois, fruto de uma press\u00e3o alta intensa e bem coordenada, o CRI voltou a transformar empenho em efic\u00e1cia. <strong>Alex Martin<\/strong> aproveitou uma recupera\u00e7\u00e3o de bola na zona defensiva do Moitense, n\u00e3o dando tempo ao advers\u00e1rio para respirar, e ampliou a vantagem para 2-0, resultado que se manteve at\u00e9 ao intervalo.<\/p>\n<p data-start=\"1507\" data-end=\"1970\">Na segunda parte, o Moitense ainda reduziu aos 47 minutos, por interm\u00e9dio de Martim Cardoso, mas a resposta do CRI foi exemplar. A equipa manteve a organiza\u00e7\u00e3o, serenidade e qualidade ofensiva, acabando por sentenciar a partida j\u00e1 na reta final. Ap\u00f3s um livre lateral executado por Z\u00e9 Pedro, a bola sobrou para <strong data-start=\"1823\" data-end=\"1837\">Adulai Jau<\/strong>, que \u00e0 entrada da \u00e1rea desferiu um poderoso remate de fora, fixando o <strong data-start=\"1908\" data-end=\"1934\">resultado final em 3-1<\/strong> e garantindo a conquista do trof\u00e9u.<\/p>\n<hr data-start=\"1972\" data-end=\"1975\" \/>\n<h3 data-start=\"1977\" data-end=\"2019\"><strong data-start=\"1981\" data-end=\"2019\">Um T\u00edtulo com Significado Especial<\/strong><\/h3>\n<p data-start=\"2020\" data-end=\"2253\">Para al\u00e9m do sucesso desportivo, esta vit\u00f3ria assume um simbolismo muito especial, por acontecer num torneio dedicado a uma das maiores figuras do futebol portugu\u00eas, Manuel Fernandes, cujo legado permanece vivo no concelho e no pa\u00eds.<\/p>\n<p>Este triunfo tem um simbolismo especial para o Clube Recreio e Instru\u00e7\u00e3o.<br data-start=\"1938\" data-end=\"1941\" \/>Ap\u00f3s <strong data-start=\"1946\" data-end=\"1998\">ter estado afastado das competi\u00e7\u00f5es oficiais de futebol s\u00e9nior desde 1997<\/strong>, o CRI regressou recentemente \u00e0 competi\u00e7\u00e3o, encontrando-se apenas na sua <strong data-start=\"2072\" data-end=\"2089\">segunda \u00e9poca<\/strong> nesta nova etapa do seu percurso desportivo. Vencer este trof\u00e9u refor\u00e7a a vitalidade do projeto e confirma o crescimento sustentado da equipa.<\/p>\n<p data-start=\"2234\" data-end=\"2492\">A vit\u00f3ria ganha ainda maior destaque por ter sido alcan\u00e7ada frente ao <strong data-start=\"2304\" data-end=\"2320\">UFC Moitense<\/strong>, forma\u00e7\u00e3o que se encontra entre os primeiros classificados da <strong data-start=\"2383\" data-end=\"2408\">1.\u00aa Divis\u00e3o Distrital<\/strong>, e com ambi\u00e7\u00f5es de subida aos campeonatos nacionais, demonstrando a ambi\u00e7\u00e3o e competitividade do <strong>CRI<\/strong> neste regresso.<\/p>\n<p data-start=\"2255\" data-end=\"2459\">O Clube Recreio e Instru\u00e7\u00e3o agradece \u00e0 C\u00e2mara Municipal da Moita a organiza\u00e7\u00e3o do evento e felicita todos os clubes participantes, enaltecendo o esp\u00edrito desportivo e a dignidade competitiva demonstradas.<\/p>\n<hr data-start=\"2461\" data-end=\"2464\" \/>\n<p data-start=\"2466\" data-end=\"2656\"><strong data-start=\"2466\" data-end=\"2539\">Parab\u00e9ns aos jogadores, equipa t\u00e9cnica, dire\u00e7\u00e3o e aos nossos adeptos<\/strong>, que mais uma vez estiveram ao lado da equipa.<br data-start=\"2586\" data-end=\"2589\" \/>O CRI honra a sua hist\u00f3ria\u2026 e continua a escrev\u00ea-la com conquistas!<\/p>\n<div id='gallery-1' class='gallery galleryid-27877 gallery-columns-3 gallery-size-herald-lay-c1'><figure class='gallery-item'>\n\t\t\t<div class='gallery-icon landscape'>\n\t\t\t\t<a class=\"herald-popup\" href='https:\/\/www.cri.pt\/wp-content\/uploads\/2025\/12\/01-saudacao-01.jpeg'><img loading=\"lazy\" decoding=\"async\" width=\"470\" height=\"313\" src=\"https:\/\/www.cri.pt\/wp-content\/uploads\/2025\/12\/01-saudacao-01-470x313.jpeg\" class=\"attachment-herald-lay-c1 size-herald-lay-c1\" alt=\"\" srcset=\"https:\/\/www.cri.pt\/wp-content\/uploads\/2025\/12\/01-saudacao-01-470x313.jpeg 470w, https:\/\/www.cri.pt\/wp-content\/uploads\/2025\/12\/01-saudacao-01-300x200.jpeg 300w, https:\/\/www.cri.pt\/wp-content\/uploads\/2025\/12\/01-saudacao-01-414x276.jpeg 414w, https:\/\/www.cri.pt\/wp-content\/uploads\/2025\/12\/01-saudacao-01-640x426.jpeg 640w, https:\/\/www.cri.pt\/wp-content\/uploads\/2025\/12\/01-saudacao-01-130x86.jpeg 130w, https:\/\/www.cri.pt\/wp-content\/uploads\/2025\/12\/01-saudacao-01-187x124.jpeg 187w\" sizes=\"auto, (max-width: 470px) 100vw, 470px\" \/><\/a>\n\t\t\t<\/div><\/figure><figure class='gallery-item'>\n\t\t\t<div class='gallery-icon landscape'>\n\t\t\t\t<a class=\"herald-popup\" href='https:\/\/www.cri.pt\/wp-content\/uploads\/2025\/12\/01-saudacao-02.jpeg'><img loading=\"lazy\" decoding=\"async\" width=\"470\" height=\"313\" src=\"https:\/\/www.cri.pt\/wp-content\/uploads\/2025\/12\/01-saudacao-02-470x313.jpeg\" class=\"attachment-herald-lay-c1 size-herald-lay-c1\" alt=\"\" srcset=\"https:\/\/www.cri.pt\/wp-content\/uploads\/2025\/12\/01-saudacao-02-470x313.jpeg 470w, https:\/\/www.cri.pt\/wp-content\/uploads\/2025\/12\/01-saudacao-02-300x200.jpeg 300w, https:\/\/www.cri.pt\/wp-content\/uploads\/2025\/12\/01-saudacao-02-414x276.jpeg 414w, https:\/\/www.cri.pt\/wp-content\/uploads\/2025\/12\/01-saudacao-02-640x426.jpeg 640w, https:\/\/www.cri.pt\/wp-content\/uploads\/2025\/12\/01-saudacao-02-130x86.jpeg 130w, https:\/\/www.cri.pt\/wp-content\/uploads\/2025\/12\/01-saudacao-02-187x124.jpeg 187w\" sizes=\"auto, (max-width: 470px) 100vw, 470px\" \/><\/a>\n\t\t\t<\/div><\/figure><figure class='gallery-item'>\n\t\t\t<div class='gallery-icon landscape'>\n\t\t\t\t<a class=\"herald-popup\" href='https:\/\/www.cri.pt\/wp-content\/uploads\/2025\/12\/02-saudacao-04.jpeg'><img loading=\"lazy\" decoding=\"async\" width=\"470\" height=\"313\" src=\"https:\/\/www.cri.pt\/wp-content\/uploads\/2025\/12\/02-saudacao-04-470x313.jpeg\" class=\"attachment-herald-lay-c1 size-herald-lay-c1\" alt=\"\" srcset=\"https:\/\/www.cri.pt\/wp-content\/uploads\/2025\/12\/02-saudacao-04-470x313.jpeg 470w, https:\/\/www.cri.pt\/wp-content\/uploads\/2025\/12\/02-saudacao-04-300x200.jpeg 300w, https:\/\/www.cri.pt\/wp-content\/uploads\/2025\/12\/02-saudacao-04-414x276.jpeg 414w, https:\/\/www.cri.pt\/wp-content\/uploads\/2025\/12\/02-saudacao-04-640x426.jpeg 640w, https:\/\/www.cri.pt\/wp-content\/uploads\/2025\/12\/02-saudacao-04-130x86.jpeg 130w, https:\/\/www.cri.pt\/wp-content\/uploads\/2025\/12\/02-saudacao-04-187x124.jpeg 187w\" sizes=\"auto, (max-width: 470px) 100vw, 470px\" \/><\/a>\n\t\t\t<\/div><\/figure><figure class='gallery-item'>\n\t\t\t<div class='gallery-icon landscape'>\n\t\t\t\t<a class=\"herald-popup\" href='https:\/\/www.cri.pt\/wp-content\/uploads\/2025\/12\/03-saudacao-02a.jpeg'><img loading=\"lazy\" decoding=\"async\" width=\"470\" height=\"313\" src=\"https:\/\/www.cri.pt\/wp-content\/uploads\/2025\/12\/03-saudacao-02a-470x313.jpeg\" class=\"attachment-herald-lay-c1 size-herald-lay-c1\" alt=\"\" srcset=\"https:\/\/www.cri.pt\/wp-content\/uploads\/2025\/12\/03-saudacao-02a-470x313.jpeg 470w, https:\/\/www.cri.pt\/wp-content\/uploads\/2025\/12\/03-saudacao-02a-300x200.jpeg 300w, https:\/\/www.cri.pt\/wp-content\/uploads\/2025\/12\/03-saudacao-02a-414x276.jpeg 414w, https:\/\/www.cri.pt\/wp-content\/uploads\/2025\/12\/03-saudacao-02a-640x426.jpeg 640w, https:\/\/www.cri.pt\/wp-content\/uploads\/2025\/12\/03-saudacao-02a-130x86.jpeg 130w, https:\/\/www.cri.pt\/wp-content\/uploads\/2025\/12\/03-saudacao-02a-187x124.jpeg 187w\" sizes=\"auto, (max-width: 470px) 100vw, 470px\" \/><\/a>\n\t\t\t<\/div><\/figure><figure class='gallery-item'>\n\t\t\t<div class='gallery-icon landscape'>\n\t\t\t\t<a class=\"herald-popup\" href='https:\/\/www.cri.pt\/wp-content\/uploads\/2025\/12\/04-saudacao-2e.jpeg'><img loading=\"lazy\" decoding=\"async\" width=\"470\" height=\"313\" src=\"https:\/\/www.cri.pt\/wp-content\/uploads\/2025\/12\/04-saudacao-2e-470x313.jpeg\" class=\"attachment-herald-lay-c1 size-herald-lay-c1\" alt=\"\" srcset=\"https:\/\/www.cri.pt\/wp-content\/uploads\/2025\/12\/04-saudacao-2e-470x313.jpeg 470w, https:\/\/www.cri.pt\/wp-content\/uploads\/2025\/12\/04-saudacao-2e-300x200.jpeg 300w, https:\/\/www.cri.pt\/wp-content\/uploads\/2025\/12\/04-saudacao-2e-414x276.jpeg 414w, https:\/\/www.cri.pt\/wp-content\/uploads\/2025\/12\/04-saudacao-2e-640x426.jpeg 640w, https:\/\/www.cri.pt\/wp-content\/uploads\/2025\/12\/04-saudacao-2e-130x86.jpeg 130w, https:\/\/www.cri.pt\/wp-content\/uploads\/2025\/12\/04-saudacao-2e-187x124.jpeg 187w\" sizes=\"auto, (max-width: 470px) 100vw, 470px\" \/><\/a>\n\t\t\t<\/div><\/figure><figure class='gallery-item'>\n\t\t\t<div class='gallery-icon landscape'>\n\t\t\t\t<a class=\"herald-popup\" href='https:\/\/www.cri.pt\/wp-content\/uploads\/2025\/12\/06-saudacao-6.jpeg'><img loading=\"lazy\" decoding=\"async\" width=\"470\" height=\"313\" src=\"https:\/\/www.cri.pt\/wp-content\/uploads\/2025\/12\/06-saudacao-6-470x313.jpeg\" class=\"attachment-herald-lay-c1 size-herald-lay-c1\" alt=\"\" srcset=\"https:\/\/www.cri.pt\/wp-content\/uploads\/2025\/12\/06-saudacao-6-470x313.jpeg 470w, https:\/\/www.cri.pt\/wp-content\/uploads\/2025\/12\/06-saudacao-6-300x200.jpeg 300w, https:\/\/www.cri.pt\/wp-content\/uploads\/2025\/12\/06-saudacao-6-414x276.jpeg 414w, https:\/\/www.cri.pt\/wp-content\/uploads\/2025\/12\/06-saudacao-6-640x426.jpeg 640w, https:\/\/www.cri.pt\/wp-content\/uploads\/2025\/12\/06-saudacao-6-130x86.jpeg 130w, https:\/\/www.cri.pt\/wp-content\/uploads\/2025\/12\/06-saudacao-6-187x124.jpeg 187w\" sizes=\"auto, (max-width: 470px) 100vw, 470px\" \/><\/a>\n\t\t\t<\/div><\/figure><figure class='gallery-item'>\n\t\t\t<div class='gallery-icon landscape'>\n\t\t\t\t<a class=\"herald-popup\" href='https:\/\/www.cri.pt\/wp-content\/uploads\/2025\/12\/07-saudacao.jpeg'><img loading=\"lazy\" decoding=\"async\" width=\"470\" height=\"313\" src=\"https:\/\/www.cri.pt\/wp-content\/uploads\/2025\/12\/07-saudacao-470x313.jpeg\" class=\"attachment-herald-lay-c1 size-herald-lay-c1\" alt=\"\" srcset=\"https:\/\/www.cri.pt\/wp-content\/uploads\/2025\/12\/07-saudacao-470x313.jpeg 470w, https:\/\/www.cri.pt\/wp-content\/uploads\/2025\/12\/07-saudacao-300x200.jpeg 300w, https:\/\/www.cri.pt\/wp-content\/uploads\/2025\/12\/07-saudacao-414x276.jpeg 414w, https:\/\/www.cri.pt\/wp-content\/uploads\/2025\/12\/07-saudacao-640x426.jpeg 640w, https:\/\/www.cri.pt\/wp-content\/uploads\/2025\/12\/07-saudacao-130x86.jpeg 130w, https:\/\/www.cri.pt\/wp-content\/uploads\/2025\/12\/07-saudacao-187x124.jpeg 187w\" sizes=\"auto, (max-width: 470px) 100vw, 470px\" \/><\/a>\n\t\t\t<\/div><\/figure><figure class='gallery-item'>\n\t\t\t<div class='gallery-icon landscape'>\n\t\t\t\t<a class=\"herald-popup\" href='https:\/\/www.cri.pt\/wp-content\/uploads\/2025\/12\/08-foto-inicial-4.jpeg'><img loading=\"lazy\" decoding=\"async\" width=\"470\" height=\"313\" src=\"https:\/\/www.cri.pt\/wp-content\/uploads\/2025\/12\/08-foto-inicial-4-470x313.jpeg\" class=\"attachment-herald-lay-c1 size-herald-lay-c1\" alt=\"\" srcset=\"https:\/\/www.cri.pt\/wp-content\/uploads\/2025\/12\/08-foto-inicial-4-470x313.jpeg 470w, https:\/\/www.cri.pt\/wp-content\/uploads\/2025\/12\/08-foto-inicial-4-300x200.jpeg 300w, https:\/\/www.cri.pt\/wp-content\/uploads\/2025\/12\/08-foto-inicial-4-414x276.jpeg 414w, https:\/\/www.cri.pt\/wp-content\/uploads\/2025\/12\/08-foto-inicial-4-640x426.jpeg 640w, https:\/\/www.cri.pt\/wp-content\/uploads\/2025\/12\/08-foto-inicial-4-130x86.jpeg 130w, https:\/\/www.cri.pt\/wp-content\/uploads\/2025\/12\/08-foto-inicial-4-187x124.jpeg 187w\" sizes=\"auto, (max-width: 470px) 100vw, 470px\" \/><\/a>\n\t\t\t<\/div><\/figure><figure class='gallery-item'>\n\t\t\t<div class='gallery-icon landscape'>\n\t\t\t\t<a class=\"herald-popup\" href='https:\/\/www.cri.pt\/wp-content\/uploads\/2025\/12\/09-foto-inicial.jpeg'><img loading=\"lazy\" decoding=\"async\" width=\"470\" height=\"313\" src=\"https:\/\/www.cri.pt\/wp-content\/uploads\/2025\/12\/09-foto-inicial-470x313.jpeg\" class=\"attachment-herald-lay-c1 size-herald-lay-c1\" alt=\"\" srcset=\"https:\/\/www.cri.pt\/wp-content\/uploads\/2025\/12\/09-foto-inicial-470x313.jpeg 470w, https:\/\/www.cri.pt\/wp-content\/uploads\/2025\/12\/09-foto-inicial-300x200.jpeg 300w, https:\/\/www.cri.pt\/wp-content\/uploads\/2025\/12\/09-foto-inicial-414x276.jpeg 414w, https:\/\/www.cri.pt\/wp-content\/uploads\/2025\/12\/09-foto-inicial-640x426.jpeg 640w, https:\/\/www.cri.pt\/wp-content\/uploads\/2025\/12\/09-foto-inicial-130x86.jpeg 130w, https:\/\/www.cri.pt\/wp-content\/uploads\/2025\/12\/09-foto-inicial-187x124.jpeg 187w\" sizes=\"auto, (max-width: 470px) 100vw, 470px\" \/><\/a>\n\t\t\t<\/div><\/figure><figure class='gallery-item'>\n\t\t\t<div class='gallery-icon landscape'>\n\t\t\t\t<a class=\"herald-popup\" href='https:\/\/www.cri.pt\/wp-content\/uploads\/2025\/12\/10-festa-no-campo-1.jpeg'><img loading=\"lazy\" decoding=\"async\" width=\"470\" height=\"313\" src=\"https:\/\/www.cri.pt\/wp-content\/uploads\/2025\/12\/10-festa-no-campo-1-470x313.jpeg\" class=\"attachment-herald-lay-c1 size-herald-lay-c1\" alt=\"\" srcset=\"https:\/\/www.cri.pt\/wp-content\/uploads\/2025\/12\/10-festa-no-campo-1-470x313.jpeg 470w, https:\/\/www.cri.pt\/wp-content\/uploads\/2025\/12\/10-festa-no-campo-1-300x200.jpeg 300w, https:\/\/www.cri.pt\/wp-content\/uploads\/2025\/12\/10-festa-no-campo-1-414x276.jpeg 414w, https:\/\/www.cri.pt\/wp-content\/uploads\/2025\/12\/10-festa-no-campo-1-640x426.jpeg 640w, https:\/\/www.cri.pt\/wp-content\/uploads\/2025\/12\/10-festa-no-campo-1-130x86.jpeg 130w, https:\/\/www.cri.pt\/wp-content\/uploads\/2025\/12\/10-festa-no-campo-1-187x124.jpeg 187w\" sizes=\"auto, (max-width: 470px) 100vw, 470px\" \/><\/a>\n\t\t\t<\/div><\/figure><figure class='gallery-item'>\n\t\t\t<div class='gallery-icon landscape'>\n\t\t\t\t<a class=\"herald-popup\" href='https:\/\/www.cri.pt\/wp-content\/uploads\/2025\/12\/11-festa-no-campo-2.jpeg'><img loading=\"lazy\" decoding=\"async\" width=\"470\" height=\"313\" src=\"https:\/\/www.cri.pt\/wp-content\/uploads\/2025\/12\/11-festa-no-campo-2-470x313.jpeg\" class=\"attachment-herald-lay-c1 size-herald-lay-c1\" alt=\"\" srcset=\"https:\/\/www.cri.pt\/wp-content\/uploads\/2025\/12\/11-festa-no-campo-2-470x313.jpeg 470w, https:\/\/www.cri.pt\/wp-content\/uploads\/2025\/12\/11-festa-no-campo-2-300x200.jpeg 300w, https:\/\/www.cri.pt\/wp-content\/uploads\/2025\/12\/11-festa-no-campo-2-414x276.jpeg 414w, https:\/\/www.cri.pt\/wp-content\/uploads\/2025\/12\/11-festa-no-campo-2-640x426.jpeg 640w, https:\/\/www.cri.pt\/wp-content\/uploads\/2025\/12\/11-festa-no-campo-2-130x86.jpeg 130w, https:\/\/www.cri.pt\/wp-content\/uploads\/2025\/12\/11-festa-no-campo-2-187x124.jpeg 187w\" sizes=\"auto, (max-width: 470px) 100vw, 470px\" \/><\/a>\n\t\t\t<\/div><\/figure><figure class='gallery-item'>\n\t\t\t<div class='gallery-icon landscape'>\n\t\t\t\t<a class=\"herald-popup\" href='https:\/\/www.cri.pt\/wp-content\/uploads\/2025\/12\/12-festa-no-campo-3.jpeg'><img loading=\"lazy\" decoding=\"async\" width=\"470\" height=\"313\" src=\"https:\/\/www.cri.pt\/wp-content\/uploads\/2025\/12\/12-festa-no-campo-3-470x313.jpeg\" class=\"attachment-herald-lay-c1 size-herald-lay-c1\" alt=\"\" srcset=\"https:\/\/www.cri.pt\/wp-content\/uploads\/2025\/12\/12-festa-no-campo-3-470x313.jpeg 470w, https:\/\/www.cri.pt\/wp-content\/uploads\/2025\/12\/12-festa-no-campo-3-300x200.jpeg 300w, https:\/\/www.cri.pt\/wp-content\/uploads\/2025\/12\/12-festa-no-campo-3-414x276.jpeg 414w, https:\/\/www.cri.pt\/wp-content\/uploads\/2025\/12\/12-festa-no-campo-3-640x426.jpeg 640w, https:\/\/www.cri.pt\/wp-content\/uploads\/2025\/12\/12-festa-no-campo-3-130x86.jpeg 130w, https:\/\/www.cri.pt\/wp-content\/uploads\/2025\/12\/12-festa-no-campo-3-187x124.jpeg 187w\" sizes=\"auto, (max-width: 470px) 100vw, 470px\" \/><\/a>\n\t\t\t<\/div><\/figure><figure class='gallery-item'>\n\t\t\t<div class='gallery-icon landscape'>\n\t\t\t\t<a class=\"herald-popup\" href='https:\/\/www.cri.pt\/wp-content\/uploads\/2025\/12\/13-balneario-2.jpeg'><img loading=\"lazy\" decoding=\"async\" width=\"470\" height=\"313\" src=\"https:\/\/www.cri.pt\/wp-content\/uploads\/2025\/12\/13-balneario-2-470x313.jpeg\" class=\"attachment-herald-lay-c1 size-herald-lay-c1\" alt=\"\" srcset=\"https:\/\/www.cri.pt\/wp-content\/uploads\/2025\/12\/13-balneario-2-470x313.jpeg 470w, https:\/\/www.cri.pt\/wp-content\/uploads\/2025\/12\/13-balneario-2-300x200.jpeg 300w, https:\/\/www.cri.pt\/wp-content\/uploads\/2025\/12\/13-balneario-2-414x276.jpeg 414w, https:\/\/www.cri.pt\/wp-content\/uploads\/2025\/12\/13-balneario-2-640x426.jpeg 640w, https:\/\/www.cri.pt\/wp-content\/uploads\/2025\/12\/13-balneario-2-130x86.jpeg 130w, https:\/\/www.cri.pt\/wp-content\/uploads\/2025\/12\/13-balneario-2-187x124.jpeg 187w\" sizes=\"auto, (max-width: 470px) 100vw, 470px\" \/><\/a>\n\t\t\t<\/div><\/figure><figure class='gallery-item'>\n\t\t\t<div class='gallery-icon landscape'>\n\t\t\t\t<a class=\"herald-popup\" href='https:\/\/www.cri.pt\/wp-content\/uploads\/2025\/12\/14-balneario-3.jpeg'><img loading=\"lazy\" decoding=\"async\" width=\"470\" height=\"313\" src=\"https:\/\/www.cri.pt\/wp-content\/uploads\/2025\/12\/14-balneario-3-470x313.jpeg\" class=\"attachment-herald-lay-c1 size-herald-lay-c1\" alt=\"\" srcset=\"https:\/\/www.cri.pt\/wp-content\/uploads\/2025\/12\/14-balneario-3-470x313.jpeg 470w, https:\/\/www.cri.pt\/wp-content\/uploads\/2025\/12\/14-balneario-3-300x200.jpeg 300w, https:\/\/www.cri.pt\/wp-content\/uploads\/2025\/12\/14-balneario-3-414x276.jpeg 414w, https:\/\/www.cri.pt\/wp-content\/uploads\/2025\/12\/14-balneario-3-640x426.jpeg 640w, https:\/\/www.cri.pt\/wp-content\/uploads\/2025\/12\/14-balneario-3-130x86.jpeg 130w, https:\/\/www.cri.pt\/wp-content\/uploads\/2025\/12\/14-balneario-3-187x124.jpeg 187w\" sizes=\"auto, (max-width: 470px) 100vw, 470px\" \/><\/a>\n\t\t\t<\/div><\/figure><figure class='gallery-item'>\n\t\t\t<div class='gallery-icon landscape'>\n\t\t\t\t<a class=\"herald-popup\" href='https:\/\/www.cri.pt\/wp-content\/uploads\/2025\/12\/15-balneario-4.jpeg'><img loading=\"lazy\" decoding=\"async\" width=\"470\" height=\"313\" src=\"https:\/\/www.cri.pt\/wp-content\/uploads\/2025\/12\/15-balneario-4-470x313.jpeg\" class=\"attachment-herald-lay-c1 size-herald-lay-c1\" alt=\"\" srcset=\"https:\/\/www.cri.pt\/wp-content\/uploads\/2025\/12\/15-balneario-4-470x313.jpeg 470w, https:\/\/www.cri.pt\/wp-content\/uploads\/2025\/12\/15-balneario-4-300x200.jpeg 300w, https:\/\/www.cri.pt\/wp-content\/uploads\/2025\/12\/15-balneario-4-414x276.jpeg 414w, https:\/\/www.cri.pt\/wp-content\/uploads\/2025\/12\/15-balneario-4-640x426.jpeg 640w, https:\/\/www.cri.pt\/wp-content\/uploads\/2025\/12\/15-balneario-4-130x86.jpeg 130w, https:\/\/www.cri.pt\/wp-content\/uploads\/2025\/12\/15-balneario-4-187x124.jpeg 187w\" sizes=\"auto, (max-width: 470px) 100vw, 470px\" \/><\/a>\n\t\t\t<\/div><\/figure><figure class='gallery-item'>\n\t\t\t<div class='gallery-icon landscape'>\n\t\t\t\t<a class=\"herald-popup\" href='https:\/\/www.cri.pt\/wp-content\/uploads\/2025\/12\/16-festa-no-bar-2.jpeg'><img loading=\"lazy\" decoding=\"async\" width=\"470\" height=\"313\" src=\"https:\/\/www.cri.pt\/wp-content\/uploads\/2025\/12\/16-festa-no-bar-2-470x313.jpeg\" class=\"attachment-herald-lay-c1 size-herald-lay-c1\" alt=\"\" srcset=\"https:\/\/www.cri.pt\/wp-content\/uploads\/2025\/12\/16-festa-no-bar-2-470x313.jpeg 470w, https:\/\/www.cri.pt\/wp-content\/uploads\/2025\/12\/16-festa-no-bar-2-300x200.jpeg 300w, https:\/\/www.cri.pt\/wp-content\/uploads\/2025\/12\/16-festa-no-bar-2-414x276.jpeg 414w, https:\/\/www.cri.pt\/wp-content\/uploads\/2025\/12\/16-festa-no-bar-2-640x426.jpeg 640w, https:\/\/www.cri.pt\/wp-content\/uploads\/2025\/12\/16-festa-no-bar-2-130x86.jpeg 130w, https:\/\/www.cri.pt\/wp-content\/uploads\/2025\/12\/16-festa-no-bar-2-187x124.jpeg 187w\" sizes=\"auto, (max-width: 470px) 100vw, 470px\" \/><\/a>\n\t\t\t<\/div><\/figure><figure class='gallery-item'>\n\t\t\t<div class='gallery-icon landscape'>\n\t\t\t\t<a class=\"herald-popup\" href='https:\/\/www.cri.pt\/wp-content\/uploads\/2025\/12\/17-festa-no-bar-7.jpeg'><img loading=\"lazy\" decoding=\"async\" width=\"470\" height=\"313\" src=\"https:\/\/www.cri.pt\/wp-content\/uploads\/2025\/12\/17-festa-no-bar-7-470x313.jpeg\" class=\"attachment-herald-lay-c1 size-herald-lay-c1\" alt=\"\" srcset=\"https:\/\/www.cri.pt\/wp-content\/uploads\/2025\/12\/17-festa-no-bar-7-470x313.jpeg 470w, https:\/\/www.cri.pt\/wp-content\/uploads\/2025\/12\/17-festa-no-bar-7-300x200.jpeg 300w, https:\/\/www.cri.pt\/wp-content\/uploads\/2025\/12\/17-festa-no-bar-7-414x276.jpeg 414w, https:\/\/www.cri.pt\/wp-content\/uploads\/2025\/12\/17-festa-no-bar-7-640x426.jpeg 640w, https:\/\/www.cri.pt\/wp-content\/uploads\/2025\/12\/17-festa-no-bar-7-130x86.jpeg 130w, https:\/\/www.cri.pt\/wp-content\/uploads\/2025\/12\/17-festa-no-bar-7-187x124.jpeg 187w\" sizes=\"auto, (max-width: 470px) 100vw, 470px\" \/><\/a>\n\t\t\t<\/div><\/figure><figure class='gallery-item'>\n\t\t\t<div class='gallery-icon landscape'>\n\t\t\t\t<a class=\"herald-popup\" href='https:\/\/www.cri.pt\/wp-content\/uploads\/2025\/12\/18-festa-no-bar-11.jpeg'><img loading=\"lazy\" decoding=\"async\" width=\"470\" height=\"313\" src=\"https:\/\/www.cri.pt\/wp-content\/uploads\/2025\/12\/18-festa-no-bar-11-470x313.jpeg\" class=\"attachment-herald-lay-c1 size-herald-lay-c1\" alt=\"\" srcset=\"https:\/\/www.cri.pt\/wp-content\/uploads\/2025\/12\/18-festa-no-bar-11-470x313.jpeg 470w, https:\/\/www.cri.pt\/wp-content\/uploads\/2025\/12\/18-festa-no-bar-11-300x200.jpeg 300w, https:\/\/www.cri.pt\/wp-content\/uploads\/2025\/12\/18-festa-no-bar-11-414x276.jpeg 414w, https:\/\/www.cri.pt\/wp-content\/uploads\/2025\/12\/18-festa-no-bar-11-640x426.jpeg 640w, https:\/\/www.cri.pt\/wp-content\/uploads\/2025\/12\/18-festa-no-bar-11-130x86.jpeg 130w, https:\/\/www.cri.pt\/wp-content\/uploads\/2025\/12\/18-festa-no-bar-11-187x124.jpeg 187w\" sizes=\"auto, (max-width: 470px) 100vw, 470px\" \/><\/a>\n\t\t\t<\/div><\/figure><figure class='gallery-item'>\n\t\t\t<div class='gallery-icon landscape'>\n\t\t\t\t<a class=\"herald-popup\" href='https:\/\/www.cri.pt\/wp-content\/uploads\/2025\/12\/19-trofeu-2.jpeg'><img loading=\"lazy\" decoding=\"async\" width=\"470\" height=\"313\" src=\"https:\/\/www.cri.pt\/wp-content\/uploads\/2025\/12\/19-trofeu-2-470x313.jpeg\" class=\"attachment-herald-lay-c1 size-herald-lay-c1\" alt=\"\" srcset=\"https:\/\/www.cri.pt\/wp-content\/uploads\/2025\/12\/19-trofeu-2-470x313.jpeg 470w, https:\/\/www.cri.pt\/wp-content\/uploads\/2025\/12\/19-trofeu-2-300x200.jpeg 300w, https:\/\/www.cri.pt\/wp-content\/uploads\/2025\/12\/19-trofeu-2-414x276.jpeg 414w, https:\/\/www.cri.pt\/wp-content\/uploads\/2025\/12\/19-trofeu-2-640x426.jpeg 640w, https:\/\/www.cri.pt\/wp-content\/uploads\/2025\/12\/19-trofeu-2-130x86.jpeg 130w, https:\/\/www.cri.pt\/wp-content\/uploads\/2025\/12\/19-trofeu-2-187x124.jpeg 187w\" sizes=\"auto, (max-width: 470px) 100vw, 470px\" \/><\/a>\n\t\t\t<\/div><\/figure><figure class='gallery-item'>\n\t\t\t<div class='gallery-icon landscape'>\n\t\t\t\t<a class=\"herald-popup\" href='https:\/\/www.cri.pt\/wp-content\/uploads\/2025\/12\/nova-imagem.jpg'><img loading=\"lazy\" decoding=\"async\" width=\"470\" height=\"313\" src=\"https:\/\/www.cri.pt\/wp-content\/uploads\/2025\/12\/nova-imagem-470x313.jpg\" class=\"attachment-herald-lay-c1 size-herald-lay-c1\" alt=\"\" srcset=\"https:\/\/www.cri.pt\/wp-content\/uploads\/2025\/12\/nova-imagem-470x313.jpg 470w, https:\/\/www.cri.pt\/wp-content\/uploads\/2025\/12\/nova-imagem-300x200.jpg 300w, https:\/\/www.cri.pt\/wp-content\/uploads\/2025\/12\/nova-imagem-1024x682.jpg 1024w, https:\/\/www.cri.pt\/wp-content\/uploads\/2025\/12\/nova-imagem-768x512.jpg 768w, https:\/\/www.cri.pt\/wp-content\/uploads\/2025\/12\/nova-imagem-414x276.jpg 414w, https:\/\/www.cri.pt\/wp-content\/uploads\/2025\/12\/nova-imagem-640x426.jpg 640w, https:\/\/www.cri.pt\/wp-content\/uploads\/2025\/12\/nova-imagem-130x86.jpg 130w, https:\/\/www.cri.pt\/wp-content\/uploads\/2025\/12\/nova-imagem-187x124.jpg 187w, https:\/\/www.cri.pt\/wp-content\/uploads\/2025\/12\/nova-imagem-990x660.jpg 990w, https:\/\/www.cri.pt\/wp-content\/uploads\/2025\/12\/nova-imagem.jpg 1280w\" sizes=\"auto, (max-width: 470px) 100vw, 470px\" \/><\/a>\n\t\t\t<\/div><\/figure><figure class='gallery-item'>\n\t\t\t<div class='gallery-icon portrait'>\n\t\t\t\t<a class=\"herald-popup\" href='https:\/\/www.cri.pt\/wp-content\/uploads\/2025\/12\/eduardo.jpg'><img loading=\"lazy\" decoding=\"async\" width=\"470\" height=\"313\" src=\"https:\/\/www.cri.pt\/wp-content\/uploads\/2025\/12\/eduardo-470x313.jpg\" class=\"attachment-herald-lay-c1 size-herald-lay-c1\" alt=\"\" srcset=\"https:\/\/www.cri.pt\/wp-content\/uploads\/2025\/12\/eduardo-470x313.jpg 470w, https:\/\/www.cri.pt\/wp-content\/uploads\/2025\/12\/eduardo-300x200.jpg 300w, https:\/\/www.cri.pt\/wp-content\/uploads\/2025\/12\/eduardo-414x276.jpg 414w, https:\/\/www.cri.pt\/wp-content\/uploads\/2025\/12\/eduardo-640x426.jpg 640w, https:\/\/www.cri.pt\/wp-content\/uploads\/2025\/12\/eduardo-130x86.jpg 130w, https:\/\/www.cri.pt\/wp-content\/uploads\/2025\/12\/eduardo-187x124.jpg 187w\" sizes=\"auto, (max-width: 470px) 100vw, 470px\" \/><\/a>\n\t\t\t<\/div><\/figure>\n\t\t<\/div>\n\n<div class=\"mks_separator\" style=\"border-bottom: 6px double;\"><\/div>\n<p>Resumo em v\u00eddeo<\/p>\n<p><iframe loading=\"lazy\" title=\"I Trof\u00e9u Manuel Fernandes \u2014 \u00c9 nosso!\" width=\"1320\" height=\"743\" src=\"https:\/\/www.youtube.com\/embed\/49sCl8P7W3Y?feature=oembed\" frameborder=\"0\" allow=\"accelerometer; autoplay; clipboard-write; encrypted-media; gyroscope; picture-in-picture; web-share\" referrerpolicy=\"strict-origin-when-cross-origin\" allowfullscreen><\/iframe><\/p>\n<p><span class=\"xdmh292 x15dsfln x140p0ai x1gufx9m x1s928wv xhkezso x1gmr53x x1cpjm7i x1fgarty x1943h6x x193iq5w xeuugli x13faqbe x1vvkbs x1yc453h x1lliihq xzsf02u xlh3980 xvmahel x1x9mg3 xo1l8bm\" dir=\"auto\">Agradecimentos a todos os que no enviaram as fotos do evento e em especial ao <strong>Paulo Almeida<\/strong> pelos v\u00eddeos.<\/span><\/p>\n<p>&nbsp;<\/p>\n","protected":false},"excerpt":{"rendered":"<p>CRI Conquistou Trof\u00e9u Manuel Fernandes em Homenagem ao Eterno Capit\u00e3o do Sporting U Moitense 1-3 CR Instru\u00e7\u00e3o O Clube Recreio e Instru\u00e7\u00e3o sagrou-se brilhante vencedor do Trof\u00e9u Manuel Fernandes, competi\u00e7\u00e3o organizada pela C\u00e2mara Municipal da Moita em homenagem ao eterno capit\u00e3o do Sporting Clube de Portugal, natural de Sarilhos Pequenos e falecido em junho de [&hellip;]<\/p>\n","protected":false},"author":1,"featured_media":27893,"comment_status":"closed","ping_status":"closed","sticky":false,"template":"","format":"standard","meta":{"footnotes":""},"categories":[6,14,215],"tags":[594],"class_list":["post-27877","post","type-post","status-publish","format-standard","has-post-thumbnail","hentry","category-cronicasresumos","category-fotos","category-seniores","tag-seniores-2025-26"],"views":164,"_links":{"self":[{"href":"https:\/\/www.cri.pt\/index.php?rest_route=\/wp\/v2\/posts\/27877","targetHints":{"allow":["GET"]}}],"collection":[{"href":"https:\/\/www.cri.pt\/index.php?rest_route=\/wp\/v2\/posts"}],"about":[{"href":"https:\/\/www.cri.pt\/index.php?rest_route=\/wp\/v2\/types\/post"}],"author":[{"embeddable":true,"href":"https:\/\/www.cri.pt\/index.php?rest_route=\/wp\/v2\/users\/1"}],"replies":[{"embeddable":true,"href":"https:\/\/www.cri.pt\/index.php?rest_route=%2Fwp%2Fv2%2Fcomments&post=27877"}],"version-history":[{"count":11,"href":"https:\/\/www.cri.pt\/index.php?rest_route=\/wp\/v2\/posts\/27877\/revisions"}],"predecessor-version":[{"id":27915,"href":"https:\/\/www.cri.pt\/index.php?rest_route=\/wp\/v2\/posts\/27877\/revisions\/27915"}],"wp:featuredmedia":[{"embeddable":true,"href":"https:\/\/www.cri.pt\/index.php?rest_route=\/wp\/v2\/media\/27893"}],"wp:attachment":[{"href":"https:\/\/www.cri.pt\/index.php?rest_route=%2Fwp%2Fv2%2Fmedia&parent=27877"}],"wp:term":[{"taxonomy":"category","embeddable":true,"href":"https:\/\/www.cri.pt\/index.php?rest_route=%2Fwp%2Fv2%2Fcategories&post=27877"},{"taxonomy":"post_tag","embeddable":true,"href":"https:\/\/www.cri.pt\/index.php?rest_route=%2Fwp%2Fv2%2Ftags&post=27877"}],"curies":[{"name":"wp","href":"https:\/\/api.w.org\/{rel}","templated":true}]}}