{"id":28180,"date":"2026-02-12T22:03:30","date_gmt":"2026-02-12T22:03:30","guid":{"rendered":"https:\/\/www.cri.pt\/?p=28180"},"modified":"2026-02-12T22:03:53","modified_gmt":"2026-02-12T22:03:53","slug":"nutricao-plano-alimentar-aconselhamento-nutricional-2","status":"publish","type":"post","link":"https:\/\/www.cri.pt\/?p=28180","title":{"rendered":"Nutri\u00e7\u00e3o: Plano Alimentar \/ Aconselhamento Nutricional"},"content":{"rendered":"<p>Realizou-se hoje na Sala Multifun\u00e7\u00f5es no Parque Desportivo Artur F. Gouveia uma sess\u00e3o de forma\u00e7\u00e3o sobre, \u201c<em>Nutri\u00e7\u00e3o \u2013 Plano Alimentar \/ Aconselhamento Nutricional \u201c.<\/em><br \/>\nEsta sess\u00e3o foi dirigida aos Encarregados de Educa\u00e7\u00e3o da equipa de Infantis \u201cB\u201d, presente na sala, foi da responsabilidade da Nutricionista do Clube Recreio e Instru\u00e7\u00e3o, <strong>Dra. Adriana Carmo.<\/strong><\/p>\n<p><strong>CONVITE<\/strong><br \/>\nConvidamos desde j\u00e1 todos os Encarregados de Educa\u00e7\u00e3o das restantes equipas do clube que manifestem a sua disponibilidade em participar\/assistir a nova sess\u00e3o a agendar no m\u00eas de mar\u00e7o, atrav\u00e9s do e-mail:\u00a0 geral@cri.pt<\/p>\n<p>NOTAS:<br \/>\n1. Um folheto sobre o tema ser\u00e1 disponibilizado aos Encarregados de Educa\u00e7\u00e3o.<br \/>\n2. Para mais esclarecimentos sobre o tema \u00e9 favor enviar e-mail para geral@cri.pt para que seja agendada sess\u00e3o\/reuni\u00e3o com a nossa Nutricionista Dra. Adriana Carmo.<\/p>\n<p><img loading=\"lazy\" decoding=\"async\" class=\"aligncenter size-full wp-image-28182\" src=\"https:\/\/www.cri.pt\/wp-content\/uploads\/2026\/02\/20260212_200825.jpg\" alt=\"\" width=\"1280\" height=\"640\" srcset=\"https:\/\/www.cri.pt\/wp-content\/uploads\/2026\/02\/20260212_200825.jpg 1280w, https:\/\/www.cri.pt\/wp-content\/uploads\/2026\/02\/20260212_200825-300x150.jpg 300w, https:\/\/www.cri.pt\/wp-content\/uploads\/2026\/02\/20260212_200825-1024x512.jpg 1024w, https:\/\/www.cri.pt\/wp-content\/uploads\/2026\/02\/20260212_200825-768x384.jpg 768w, https:\/\/www.cri.pt\/wp-content\/uploads\/2026\/02\/20260212_200825-128x64.jpg 128w, https:\/\/www.cri.pt\/wp-content\/uploads\/2026\/02\/20260212_200825-32x16.jpg 32w, https:\/\/www.cri.pt\/wp-content\/uploads\/2026\/02\/20260212_200825-990x495.jpg 990w\" sizes=\"auto, (max-width: 1280px) 100vw, 1280px\" \/> <img loading=\"lazy\" decoding=\"async\" class=\"aligncenter size-full wp-image-28183\" src=\"https:\/\/www.cri.pt\/wp-content\/uploads\/2026\/02\/20260212_2008460.jpg\" alt=\"\" width=\"1280\" height=\"640\" srcset=\"https:\/\/www.cri.pt\/wp-content\/uploads\/2026\/02\/20260212_2008460.jpg 1280w, https:\/\/www.cri.pt\/wp-content\/uploads\/2026\/02\/20260212_2008460-300x150.jpg 300w, https:\/\/www.cri.pt\/wp-content\/uploads\/2026\/02\/20260212_2008460-1024x512.jpg 1024w, https:\/\/www.cri.pt\/wp-content\/uploads\/2026\/02\/20260212_2008460-768x384.jpg 768w, https:\/\/www.cri.pt\/wp-content\/uploads\/2026\/02\/20260212_2008460-128x64.jpg 128w, https:\/\/www.cri.pt\/wp-content\/uploads\/2026\/02\/20260212_2008460-32x16.jpg 32w, https:\/\/www.cri.pt\/wp-content\/uploads\/2026\/02\/20260212_2008460-990x495.jpg 990w\" sizes=\"auto, (max-width: 1280px) 100vw, 1280px\" \/> <img loading=\"lazy\" decoding=\"async\" class=\"aligncenter size-full wp-image-28184\" src=\"https:\/\/www.cri.pt\/wp-content\/uploads\/2026\/02\/20260212_201328.jpg\" alt=\"\" width=\"1280\" height=\"640\" srcset=\"https:\/\/www.cri.pt\/wp-content\/uploads\/2026\/02\/20260212_201328.jpg 1280w, https:\/\/www.cri.pt\/wp-content\/uploads\/2026\/02\/20260212_201328-300x150.jpg 300w, https:\/\/www.cri.pt\/wp-content\/uploads\/2026\/02\/20260212_201328-1024x512.jpg 1024w, https:\/\/www.cri.pt\/wp-content\/uploads\/2026\/02\/20260212_201328-768x384.jpg 768w, https:\/\/www.cri.pt\/wp-content\/uploads\/2026\/02\/20260212_201328-128x64.jpg 128w, https:\/\/www.cri.pt\/wp-content\/uploads\/2026\/02\/20260212_201328-32x16.jpg 32w, https:\/\/www.cri.pt\/wp-content\/uploads\/2026\/02\/20260212_201328-990x495.jpg 990w\" sizes=\"auto, (max-width: 1280px) 100vw, 1280px\" \/><\/p>\n","protected":false},"excerpt":{"rendered":"<p>Realizou-se hoje na Sala Multifun\u00e7\u00f5es no Parque Desportivo Artur F. Gouveia uma sess\u00e3o de forma\u00e7\u00e3o sobre, \u201cNutri\u00e7\u00e3o \u2013 Plano Alimentar \/ Aconselhamento Nutricional \u201c. Esta sess\u00e3o foi dirigida aos Encarregados de Educa\u00e7\u00e3o da equipa de Infantis \u201cB\u201d, presente na sala, foi da responsabilidade da Nutricionista do Clube Recreio e Instru\u00e7\u00e3o, Dra. Adriana Carmo. CONVITE Convidamos [&hellip;]<\/p>\n","protected":false},"author":1,"featured_media":28182,"comment_status":"closed","ping_status":"closed","sticky":false,"template":"","format":"standard","meta":{"footnotes":"","jetpack_publicize_message":"","jetpack_publicize_feature_enabled":true,"jetpack_social_post_already_shared":false,"jetpack_social_options":{"image_generator_settings":{"template":"highway","default_image_id":0,"font":"","enabled":false},"version":2}},"categories":[519,487],"tags":[],"class_list":["post-28180","post","type-post","status-publish","format-standard","has-post-thumbnail","hentry","category-entidade-formadora","category-formacao"],"views":57,"jetpack_publicize_connections":[],"_links":{"self":[{"href":"https:\/\/www.cri.pt\/index.php?rest_route=\/wp\/v2\/posts\/28180","targetHints":{"allow":["GET"]}}],"collection":[{"href":"https:\/\/www.cri.pt\/index.php?rest_route=\/wp\/v2\/posts"}],"about":[{"href":"https:\/\/www.cri.pt\/index.php?rest_route=\/wp\/v2\/types\/post"}],"author":[{"embeddable":true,"href":"https:\/\/www.cri.pt\/index.php?rest_route=\/wp\/v2\/users\/1"}],"replies":[{"embeddable":true,"href":"https:\/\/www.cri.pt\/index.php?rest_route=%2Fwp%2Fv2%2Fcomments&post=28180"}],"version-history":[{"count":1,"href":"https:\/\/www.cri.pt\/index.php?rest_route=\/wp\/v2\/posts\/28180\/revisions"}],"predecessor-version":[{"id":28185,"href":"https:\/\/www.cri.pt\/index.php?rest_route=\/wp\/v2\/posts\/28180\/revisions\/28185"}],"wp:featuredmedia":[{"embeddable":true,"href":"https:\/\/www.cri.pt\/index.php?rest_route=\/wp\/v2\/media\/28182"}],"wp:attachment":[{"href":"https:\/\/www.cri.pt\/index.php?rest_route=%2Fwp%2Fv2%2Fmedia&parent=28180"}],"wp:term":[{"taxonomy":"category","embeddable":true,"href":"https:\/\/www.cri.pt\/index.php?rest_route=%2Fwp%2Fv2%2Fcategories&post=28180"},{"taxonomy":"post_tag","embeddable":true,"href":"https:\/\/www.cri.pt\/index.php?rest_route=%2Fwp%2Fv2%2Ftags&post=28180"}],"curies":[{"name":"wp","href":"https:\/\/api.w.org\/{rel}","templated":true}]}}