{"id":29145,"date":"2026-07-17T13:54:26","date_gmt":"2026-07-17T13:54:26","guid":{"rendered":"https:\/\/www.cri.pt\/?p=29145"},"modified":"2026-07-19T15:07:09","modified_gmt":"2026-07-19T15:07:09","slug":"loja-online-2","status":"publish","type":"post","link":"https:\/\/www.cri.pt\/?p=29145","title":{"rendered":"Loja Online"},"content":{"rendered":"<h1>Uma nova imagem. A mesma paix\u00e3o.<\/h1>\n<p class=\"isSelectedEnd\">Ao longo de mais de 110 anos de hist\u00f3ria, o Clube Recreio e Instru\u00e7\u00e3o tem sabido evoluir, respeitando sempre os valores que fazem parte da sua identidade. Crescer \u00e9 tamb\u00e9m saber renovar, inovar e preparar o futuro.<\/p>\n<p class=\"isSelectedEnd\">\u00c9 neste esp\u00edrito que iniciamos uma nova etapa com a <strong>Adidas, <\/strong>comercializada pela <strong>Desportiva<\/strong>, uma das mais prestigiadas marcas desportivas do mundo.<\/p>\n<p class=\"isSelectedEnd\">Depois de muitos anos sem uma mudan\u00e7a significativa ao n\u00edvel dos equipamentos, sentimos que era o momento certo para dar este passo. Mais do que uma nova camisola, apresentamos uma nova imagem, mais moderna, mais uniforme e \u00e0 altura da ambi\u00e7\u00e3o de um clube que continua a crescer, tanto dentro como fora das quatro linhas.<\/p>\n<p class=\"isSelectedEnd\">Os novos equipamentos foram escolhidos a pensar nos nossos atletas, proporcionando maior conforto, qualidade e desempenho, mas tamb\u00e9m para refor\u00e7ar o orgulho de representar o CRI. Queremos que cada jogador, treinador, dirigente e adepto sinta que veste um s\u00edmbolo de uni\u00e3o, dedica\u00e7\u00e3o e perten\u00e7a.<\/p>\n<p class=\"isSelectedEnd\">Esta parceria permite-nos igualmente oferecer um servi\u00e7o mais moderno e acess\u00edvel, atrav\u00e9s de uma loja online oficial, onde toda a fam\u00edlia do CRI poder\u00e1 adquirir os equipamentos e artigos do clube de forma simples, c\u00f3moda e segura.<\/p>\n<p class=\"isSelectedEnd\">A mudan\u00e7a de marca n\u00e3o altera aquilo que somos. Mantemos intactos os nossos valores, a nossa hist\u00f3ria e a paix\u00e3o que nos une desde 1915. O que muda \u00e9 a forma como nos apresentamos: com uma imagem renovada, preparada para os desafios do presente e do futuro.<\/p>\n<p class=\"isSelectedEnd\">Porque um clube com hist\u00f3ria tamb\u00e9m tem a responsabilidade de evoluir.<\/p>\n<p class=\"isSelectedEnd\"><strong>Vestimos Adidas. Vestimos CRI. Vestimos orgulho.<\/strong><\/p>\n<p><strong>Uma nova imagem para o mesmo emblema. Um novo cap\u00edtulo para a mesma paix\u00e3o.<\/strong><\/p>\n<p><a href=\"https:\/\/desportiva.pt\/loja\/cri\/\" target=\"_blank\" rel=\"noopener\"><img loading=\"lazy\" decoding=\"async\" class=\"aligncenter wp-image-29137 size-full\" src=\"https:\/\/www.cri.pt\/wp-content\/uploads\/2026\/07\/loga-online.jpeg\" alt=\"\" width=\"1080\" height=\"1350\" srcset=\"https:\/\/www.cri.pt\/wp-content\/uploads\/2026\/07\/loga-online.jpeg 1080w, https:\/\/www.cri.pt\/wp-content\/uploads\/2026\/07\/loga-online-240x300.jpeg 240w, https:\/\/www.cri.pt\/wp-content\/uploads\/2026\/07\/loga-online-819x1024.jpeg 819w, https:\/\/www.cri.pt\/wp-content\/uploads\/2026\/07\/loga-online-768x960.jpeg 768w, https:\/\/www.cri.pt\/wp-content\/uploads\/2026\/07\/loga-online-102x128.jpeg 102w, https:\/\/www.cri.pt\/wp-content\/uploads\/2026\/07\/loga-online-26x32.jpeg 26w, https:\/\/www.cri.pt\/wp-content\/uploads\/2026\/07\/loga-online-990x1238.jpeg 990w\" sizes=\"auto, (max-width: 1080px) 100vw, 1080px\" \/><\/a><\/p>\n<p style=\"text-align: center;\"><a href=\"https:\/\/desportiva.pt\/loja\/cri\/\" target=\"_blank\" rel=\"noopener\">https:\/\/desportiva.pt\/loja\/cri\/<\/a><\/p>\n<p style=\"text-align: center;\"><strong>Antes de come\u00e7ar a comprar veja as normas\/indica\u00e7\u00f5es <a href=\"https:\/\/www.cri.pt\/?p=29135\">AQUI<\/a><\/strong><\/p>\n","protected":false},"excerpt":{"rendered":"<p>Uma nova imagem. A mesma paix\u00e3o. Ao longo de mais de 110 anos de hist\u00f3ria, o Clube Recreio e Instru\u00e7\u00e3o tem sabido evoluir, respeitando sempre os valores que fazem parte da sua identidade. Crescer \u00e9 tamb\u00e9m saber renovar, inovar e preparar o futuro. \u00c9 neste esp\u00edrito que iniciamos uma nova etapa com a Adidas, comercializada [&hellip;]<\/p>\n","protected":false},"author":1,"featured_media":29137,"comment_status":"closed","ping_status":"closed","sticky":false,"template":"","format":"standard","meta":{"footnotes":""},"categories":[22],"tags":[311],"class_list":["post-29145","post","type-post","status-publish","format-standard","has-post-thumbnail","hentry","category-informacao","tag-cri"],"views":270,"_links":{"self":[{"href":"https:\/\/www.cri.pt\/index.php?rest_route=\/wp\/v2\/posts\/29145","targetHints":{"allow":["GET"]}}],"collection":[{"href":"https:\/\/www.cri.pt\/index.php?rest_route=\/wp\/v2\/posts"}],"about":[{"href":"https:\/\/www.cri.pt\/index.php?rest_route=\/wp\/v2\/types\/post"}],"author":[{"embeddable":true,"href":"https:\/\/www.cri.pt\/index.php?rest_route=\/wp\/v2\/users\/1"}],"replies":[{"embeddable":true,"href":"https:\/\/www.cri.pt\/index.php?rest_route=%2Fwp%2Fv2%2Fcomments&post=29145"}],"version-history":[{"count":5,"href":"https:\/\/www.cri.pt\/index.php?rest_route=\/wp\/v2\/posts\/29145\/revisions"}],"predecessor-version":[{"id":29169,"href":"https:\/\/www.cri.pt\/index.php?rest_route=\/wp\/v2\/posts\/29145\/revisions\/29169"}],"wp:featuredmedia":[{"embeddable":true,"href":"https:\/\/www.cri.pt\/index.php?rest_route=\/wp\/v2\/media\/29137"}],"wp:attachment":[{"href":"https:\/\/www.cri.pt\/index.php?rest_route=%2Fwp%2Fv2%2Fmedia&parent=29145"}],"wp:term":[{"taxonomy":"category","embeddable":true,"href":"https:\/\/www.cri.pt\/index.php?rest_route=%2Fwp%2Fv2%2Fcategories&post=29145"},{"taxonomy":"post_tag","embeddable":true,"href":"https:\/\/www.cri.pt\/index.php?rest_route=%2Fwp%2Fv2%2Ftags&post=29145"}],"curies":[{"name":"wp","href":"https:\/\/api.w.org\/{rel}","templated":true}]}}