{"id":8246,"date":"2015-03-15T22:25:48","date_gmt":"2015-03-15T22:25:48","guid":{"rendered":"http:\/\/www.cri.pt\/?p=8246"},"modified":"2024-03-27T11:47:26","modified_gmt":"2024-03-27T11:47:26","slug":"fotos-adce-olivais-3-1-cri-veteranos","status":"publish","type":"post","link":"https:\/\/www.cri.pt\/?p=8246","title":{"rendered":"Fotos: ADCE Olivais 3-1 CRI (Veteranos)"},"content":{"rendered":"<p><a href=\"https:\/\/photos.app.goo.gl\/6pFrsy8nx3JUK6Qf6\" target=\"_blank\" rel=\"noopener\"><img loading=\"lazy\" decoding=\"async\" class=\"alignnone wp-image-8247 size-large\" src=\"https:\/\/www.cri.pt\/wp-content\/uploads\/2015\/03\/2015.03.14adceolivais3-1cri-001-1024x675.jpg\" alt=\"2015.03.14adceolivais3-1cri-001\" width=\"1024\" height=\"675\" srcset=\"https:\/\/www.cri.pt\/wp-content\/uploads\/2015\/03\/2015.03.14adceolivais3-1cri-001-1024x675.jpg 1024w, https:\/\/www.cri.pt\/wp-content\/uploads\/2015\/03\/2015.03.14adceolivais3-1cri-001-300x198.jpg 300w, https:\/\/www.cri.pt\/wp-content\/uploads\/2015\/03\/2015.03.14adceolivais3-1cri-001-560x369.jpg 560w, https:\/\/www.cri.pt\/wp-content\/uploads\/2015\/03\/2015.03.14adceolivais3-1cri-001-260x171.jpg 260w, https:\/\/www.cri.pt\/wp-content\/uploads\/2015\/03\/2015.03.14adceolivais3-1cri-001-160x105.jpg 160w, https:\/\/www.cri.pt\/wp-content\/uploads\/2015\/03\/2015.03.14adceolivais3-1cri-001.jpg 1638w\" sizes=\"auto, (max-width: 1024px) 100vw, 1024px\" \/><br \/>\n<\/a><a href=\"https:\/\/photos.app.goo.gl\/6pFrsy8nx3JUK6Qf6\" target=\"_blank\" rel=\"noopener\">CLIQUE AQUI PARA VER MAIS FOTOS<br \/>\n<\/a><span style=\"letter-spacing: 0.05em; line-height: 1.6875;\">(Colabora\u00e7\u00e3o de: Jo\u00e3o Torres)<\/span><\/p>\n","protected":false},"excerpt":{"rendered":"<p>CLIQUE AQUI PARA VER MAIS FOTOS (Colabora\u00e7\u00e3o de: Jo\u00e3o Torres)<\/p>\n","protected":false},"author":1,"featured_media":8247,"comment_status":"closed","ping_status":"closed","sticky":false,"template":"","format":"standard","meta":{"footnotes":"","jetpack_publicize_message":"","jetpack_publicize_feature_enabled":true,"jetpack_social_post_already_shared":false,"jetpack_social_options":{"image_generator_settings":{"template":"highway","default_image_id":0,"font":"","enabled":false},"version":2}},"categories":[14,136],"tags":[221],"class_list":["post-8246","post","type-post","status-publish","format-standard","has-post-thumbnail","hentry","category-fotos","category-veteranos","tag-veteranos201415"],"views":540,"jetpack_publicize_connections":[],"_links":{"self":[{"href":"https:\/\/www.cri.pt\/index.php?rest_route=\/wp\/v2\/posts\/8246","targetHints":{"allow":["GET"]}}],"collection":[{"href":"https:\/\/www.cri.pt\/index.php?rest_route=\/wp\/v2\/posts"}],"about":[{"href":"https:\/\/www.cri.pt\/index.php?rest_route=\/wp\/v2\/types\/post"}],"author":[{"embeddable":true,"href":"https:\/\/www.cri.pt\/index.php?rest_route=\/wp\/v2\/users\/1"}],"replies":[{"embeddable":true,"href":"https:\/\/www.cri.pt\/index.php?rest_route=%2Fwp%2Fv2%2Fcomments&post=8246"}],"version-history":[{"count":3,"href":"https:\/\/www.cri.pt\/index.php?rest_route=\/wp\/v2\/posts\/8246\/revisions"}],"predecessor-version":[{"id":23889,"href":"https:\/\/www.cri.pt\/index.php?rest_route=\/wp\/v2\/posts\/8246\/revisions\/23889"}],"wp:featuredmedia":[{"embeddable":true,"href":"https:\/\/www.cri.pt\/index.php?rest_route=\/wp\/v2\/media\/8247"}],"wp:attachment":[{"href":"https:\/\/www.cri.pt\/index.php?rest_route=%2Fwp%2Fv2%2Fmedia&parent=8246"}],"wp:term":[{"taxonomy":"category","embeddable":true,"href":"https:\/\/www.cri.pt\/index.php?rest_route=%2Fwp%2Fv2%2Fcategories&post=8246"},{"taxonomy":"post_tag","embeddable":true,"href":"https:\/\/www.cri.pt\/index.php?rest_route=%2Fwp%2Fv2%2Ftags&post=8246"}],"curies":[{"name":"wp","href":"https:\/\/api.w.org\/{rel}","templated":true}]}}